{"id":1092,"date":"2025-10-29T14:46:31","date_gmt":"2025-10-29T13:46:31","guid":{"rendered":"https:\/\/aluminij-gradjenje.hr\/?p=1092"},"modified":"2026-03-26T09:08:05","modified_gmt":"2026-03-26T08:08:05","slug":"aluminijske-klizne-stijene-funkcionalno-rjesenje-za-moderan-prostor-o-kojem-se-prica","status":"publish","type":"post","link":"https:\/\/aluminij-gradjenje.hr\/index.php\/2025\/10\/29\/aluminijske-klizne-stijene-funkcionalno-rjesenje-za-moderan-prostor-o-kojem-se-prica\/","title":{"rendered":"Aluminijske klizne stijene \u2013 funkcionalno rje\u0161enje o kojem se pri\u010da"},"content":{"rendered":"<p data-start=\"354\" data-end=\"581\"><strong data-start=\"354\" data-end=\"384\">Aluminijske klizne stijene<\/strong> omogu\u0107uju jednostavno i u\u010dinkovito povezivanje unutarnjeg i vanjskog prostora. Zbog svoje \u010dvrsto\u0107e, trajnosti i urednog izgleda sve se \u010de\u0161\u0107e primjenjuju u modernoj stambenoj i poslovnoj gradnji.<\/p>\n<h3 data-start=\"583\" data-end=\"611\"><strong data-start=\"587\" data-end=\"611\">Dizajn i prozra\u010dnost<\/strong><\/h3>\n<p data-start=\"612\" data-end=\"878\">S tankim aluminijskim profilima i velikim staklenim povr\u0161inama, ove stijene propu\u0161taju mnogo prirodnog svjetla i stvaraju osje\u0107aj otvorenosti. Mogu se izvesti u razli\u010ditim bojama i zavr\u0161nim obradama, \u0161to omogu\u0107uje lako uskla\u0111ivanje s arhitekturom i stilom objekta.<\/p>\n<h3 data-start=\"880\" data-end=\"916\"><strong data-start=\"884\" data-end=\"916\">Toplinska i zvu\u010dna izolacija<\/strong><\/h3>\n<p data-start=\"917\" data-end=\"1392\">Aluminijski profili s termo-prekidom u\u010dinkovito sprje\u010davaju prijenos topline izme\u0111u vanjskog i unutarnjeg prostora. U kombinaciji s dvoslojnim ili troslojnim staklom, <strong data-start=\"1084\" data-end=\"1107\">aluminijske stijene<\/strong> posti\u017eu dobru <strong data-start=\"1122\" data-end=\"1149\">energetsku u\u010dinkovitost<\/strong> i poma\u017eu u smanjenju tro\u0161kova grijanja i hla\u0111enja.<br data-start=\"1200\" data-end=\"1203\" \/>Zahvaljuju\u0107i sustavu brtvi i kvalitetnim spojevima, posti\u017ee se i visoka razina <strong data-start=\"1282\" data-end=\"1302\">zvu\u010dne izolacije<\/strong>, \u0161to doprinosi ugodnijem boravku, osobito u urbanim sredinama ili u blizini prometnica.<\/p>\n<h3 data-start=\"1394\" data-end=\"1426\"><strong data-start=\"1398\" data-end=\"1426\">Otpornost i dugotrajnost<\/strong><\/h3>\n<p data-start=\"1427\" data-end=\"1665\">Aluminij je stabilan i otporan materijal koji ne korodira i ne zahtijeva posebno odr\u017eavanje. Povr\u0161inska za\u0161tita eloksiranjem ili pra\u0161kastim lakiranjem \u010duva izgled i funkcionalnost profila dugi niz godina, bez obzira na vremenske uvjete.<\/p>\n<h3 data-start=\"1667\" data-end=\"1696\"><strong data-start=\"1671\" data-end=\"1696\">Jednostavno rukovanje<\/strong><\/h3>\n<p data-start=\"1697\" data-end=\"1985\">Kvalitetni okovi i vodilice omogu\u0107uju glatko i tiho pomicanje krila, \u010dak i kod ve\u0107ih staklenih povr\u0161ina. Ovisno o potrebama prostora, stijene se mogu izvesti kao <strong data-start=\"1859\" data-end=\"1869\">klizne<\/strong>, <strong data-start=\"1871\" data-end=\"1894\">podizno-klizne (HS)<\/strong> ili <strong data-start=\"1899\" data-end=\"1912\">preklopne<\/strong>. Po \u017eelji je mogu\u0107e ugraditi i niske pragove ili automatsko otvaranje.<\/p>\n<h3 data-start=\"1987\" data-end=\"2004\"><strong data-start=\"1991\" data-end=\"2004\">Sigurnost<\/strong><\/h3>\n<p data-start=\"2005\" data-end=\"2188\">Aluminijska konstrukcija omogu\u0107uje ugradnju sigurnosnog stakla i vi\u0161estrukih sustava zaklju\u010davanja. Takav sustav pove\u0107ava otpornost na provalu i osigurava pouzdanu za\u0161titu prostora.<\/p>\n<h3 data-start=\"2190\" data-end=\"2206\"><strong data-start=\"2194\" data-end=\"2206\">Primjena<\/strong><\/h3>\n<p data-start=\"2207\" data-end=\"2493\">Zbog svojih tehni\u010dkih i estetskih prednosti, <strong data-start=\"2252\" data-end=\"2282\">aluminijske klizne stijene<\/strong> koriste se u obiteljskim ku\u0107ama, apartmanima, poslovnim prostorima i ugostiteljskim objektima. Osiguravaju bolju povezanost s vanjskim prostorom i doprinose ugodnijem, svjetlijem i funkcionalnijem interijeru.<\/p>\n<h2 data-start=\"2500\" data-end=\"2548\"><\/h2>\n<blockquote>\n<h2 data-start=\"2500\" data-end=\"2548\"><strong data-start=\"2503\" data-end=\"2548\">Na\u0161i sistemi aluminijskih kliznih stijena<\/strong><\/h2>\n<\/blockquote>\n<h3 data-start=\"2550\" data-end=\"2570\"><strong data-start=\"2554\" data-end=\"2570\">Sistem HARMO<\/strong><\/h3>\n<p data-start=\"2571\" data-end=\"3099\">HARMO je namijenjen za klizne prozore i vrata u dvokrilnoj, trokrilnoj, \u010detverokrilnoj i \u0161esterokrilnoj izvedbi. Sistem profila nema prekinuti termi\u010dki most, s osnovnom ugradbenom dubinom rama od 45 mm za dvokrilnu i \u010detverokrilnu izvedbu te 81 mm za trokrilnu i \u0161esterokrilnu izvedbu. Brtvljenje je izvedeno EPDM brtvama. HARMO je kompatibilan sa sistemom 45 MILL, \u0161to omogu\u0107uje izvedbu ve\u0107ih i raznovrsnih stijena. Za ve\u0107e dimenzije krila dostupni su stati\u010dki oja\u010dani profili. Mogu\u0107nost zaklju\u010davanja u jednoj ili vi\u0161e to\u010daka.<\/p>\n<p data-start=\"2571\" data-end=\"3099\"><img loading=\"lazy\" decoding=\"async\" class=\"alignnone wp-image-627\" src=\"https:\/\/aluminij-gradjenje.hr\/wp-content\/uploads\/2025\/09\/harmo.jpg\" alt=\"\" width=\"421\" height=\"316\" srcset=\"https:\/\/aluminij-gradjenje.hr\/wp-content\/uploads\/2025\/09\/harmo.jpg 1024w, https:\/\/aluminij-gradjenje.hr\/wp-content\/uploads\/2025\/09\/harmo-300x225.jpg 300w, https:\/\/aluminij-gradjenje.hr\/wp-content\/uploads\/2025\/09\/harmo-768x576.jpg 768w, https:\/\/aluminij-gradjenje.hr\/wp-content\/uploads\/2025\/09\/harmo-560x420.jpg 560w, https:\/\/aluminij-gradjenje.hr\/wp-content\/uploads\/2025\/09\/harmo-80x60.jpg 80w, https:\/\/aluminij-gradjenje.hr\/wp-content\/uploads\/2025\/09\/harmo-150x113.jpg 150w, https:\/\/aluminij-gradjenje.hr\/wp-content\/uploads\/2025\/09\/harmo-696x522.jpg 696w, https:\/\/aluminij-gradjenje.hr\/wp-content\/uploads\/2025\/09\/harmo-600x450.jpg 600w\" sizes=\"auto, (max-width: 421px) 100vw, 421px\" \/><\/p>\n<hr \/>\n<h3 data-start=\"3101\" data-end=\"3121\"><strong data-start=\"3105\" data-end=\"3121\">Sistem FR 18<\/strong><\/h3>\n<p data-start=\"3122\" data-end=\"3424\">FR 18 je namijenjen za ostakljivanje terasa, balkona i ugostiteljskih objekata. Omogu\u0107uje tri i pet krila, pri \u010demu je jedno fiksno, dok se ostala krila parkiraju iza njega. Otvaranjem prvog krila povla\u010de se i ostala zahvaljuju\u0107i zapinja\u010du. Posebno dizajnirani kota\u010di\u0107i omogu\u0107uju jednostavno rukovanje.<\/p>\n<p data-start=\"3122\" data-end=\"3424\"><img loading=\"lazy\" decoding=\"async\" class=\"alignnone wp-image-631\" src=\"https:\/\/aluminij-gradjenje.hr\/wp-content\/uploads\/2025\/09\/FR-18-3d.jpg\" alt=\"\" width=\"372\" height=\"319\" srcset=\"https:\/\/aluminij-gradjenje.hr\/wp-content\/uploads\/2025\/09\/FR-18-3d.jpg 1024w, https:\/\/aluminij-gradjenje.hr\/wp-content\/uploads\/2025\/09\/FR-18-3d-300x257.jpg 300w, https:\/\/aluminij-gradjenje.hr\/wp-content\/uploads\/2025\/09\/FR-18-3d-768x659.jpg 768w, https:\/\/aluminij-gradjenje.hr\/wp-content\/uploads\/2025\/09\/FR-18-3d-490x420.jpg 490w, https:\/\/aluminij-gradjenje.hr\/wp-content\/uploads\/2025\/09\/FR-18-3d-150x129.jpg 150w, https:\/\/aluminij-gradjenje.hr\/wp-content\/uploads\/2025\/09\/FR-18-3d-696x597.jpg 696w, https:\/\/aluminij-gradjenje.hr\/wp-content\/uploads\/2025\/09\/FR-18-3d-600x514.jpg 600w\" sizes=\"auto, (max-width: 372px) 100vw, 372px\" \/><\/p>\n<hr \/>\n<h3 data-start=\"3426\" data-end=\"3449\"><strong data-start=\"3430\" data-end=\"3449\">Sistem TERMO 80<\/strong><\/h3>\n<p data-start=\"3450\" data-end=\"3876\">TERMO 80 je sistem sa prekinutim termi\u010dkim mostom, u dvokrilnoj, trokrilnoj, \u010detverokrilnoj i \u0161esterokrilnoj izvedbi. Ugradbena dubina rama je 80 mm za dvokrilnu i \u010detverokrilnu izvedbu te 124 mm za trokrilnu i \u0161esterokrilnu. Prekid termi\u010dkog mosta posti\u017ee se poliamidnim trakama od 14,8 i 22 mm. Sistem je kompatibilan sa Termo 65, a za ve\u0107e krila dostupni su stati\u010dki oja\u010dani profili. Zaklju\u010davanje u jednoj ili vi\u0161e to\u010daka.<\/p>\n<p data-start=\"3450\" data-end=\"3876\"><img loading=\"lazy\" decoding=\"async\" class=\"alignnone wp-image-633\" src=\"https:\/\/aluminij-gradjenje.hr\/wp-content\/uploads\/2025\/09\/Termo-80.jpg\" alt=\"\" width=\"412\" height=\"309\" srcset=\"https:\/\/aluminij-gradjenje.hr\/wp-content\/uploads\/2025\/09\/Termo-80.jpg 1024w, https:\/\/aluminij-gradjenje.hr\/wp-content\/uploads\/2025\/09\/Termo-80-300x225.jpg 300w, https:\/\/aluminij-gradjenje.hr\/wp-content\/uploads\/2025\/09\/Termo-80-768x576.jpg 768w, https:\/\/aluminij-gradjenje.hr\/wp-content\/uploads\/2025\/09\/Termo-80-560x420.jpg 560w, https:\/\/aluminij-gradjenje.hr\/wp-content\/uploads\/2025\/09\/Termo-80-80x60.jpg 80w, https:\/\/aluminij-gradjenje.hr\/wp-content\/uploads\/2025\/09\/Termo-80-150x113.jpg 150w, https:\/\/aluminij-gradjenje.hr\/wp-content\/uploads\/2025\/09\/Termo-80-696x522.jpg 696w, https:\/\/aluminij-gradjenje.hr\/wp-content\/uploads\/2025\/09\/Termo-80-600x450.jpg 600w\" sizes=\"auto, (max-width: 412px) 100vw, 412px\" \/><\/p>\n<hr \/>\n<h3 data-start=\"3878\" data-end=\"3904\"><strong data-start=\"3882\" data-end=\"3904\">Sistem TERMO 120-D<\/strong><\/h3>\n<p data-start=\"3905\" data-end=\"4316\">TERMO 120-D je namijenjen za klizne i podizno-klizne prozore i vrata s trostrukim staklom u dvokrilnoj, trokrilnoj i \u010detverokrilnoj izvedbi. Prekid termi\u010dkog mosta posti\u017ee se poliamidnim trakama od 20 i 28 mm, a u komore profila mogu se ugraditi XPS \u0161tapi\u0107i za dodatnu toplinsku izolaciju. Brtvljenje je EPDM brtvama, a sistem je kompatibilan s fasadnim sistemima. Mogu\u0107e je izvesti skriveni odvod vode iz rama.<\/p>\n<p data-start=\"3905\" data-end=\"4316\"><img loading=\"lazy\" decoding=\"async\" class=\"alignnone wp-image-635\" src=\"https:\/\/aluminij-gradjenje.hr\/wp-content\/uploads\/2025\/09\/Termo-120.jpg\" alt=\"\" width=\"405\" height=\"304\" srcset=\"https:\/\/aluminij-gradjenje.hr\/wp-content\/uploads\/2025\/09\/Termo-120.jpg 1024w, https:\/\/aluminij-gradjenje.hr\/wp-content\/uploads\/2025\/09\/Termo-120-300x225.jpg 300w, https:\/\/aluminij-gradjenje.hr\/wp-content\/uploads\/2025\/09\/Termo-120-768x576.jpg 768w, https:\/\/aluminij-gradjenje.hr\/wp-content\/uploads\/2025\/09\/Termo-120-560x420.jpg 560w, https:\/\/aluminij-gradjenje.hr\/wp-content\/uploads\/2025\/09\/Termo-120-80x60.jpg 80w, https:\/\/aluminij-gradjenje.hr\/wp-content\/uploads\/2025\/09\/Termo-120-150x113.jpg 150w, https:\/\/aluminij-gradjenje.hr\/wp-content\/uploads\/2025\/09\/Termo-120-696x522.jpg 696w, https:\/\/aluminij-gradjenje.hr\/wp-content\/uploads\/2025\/09\/Termo-120-600x450.jpg 600w\" sizes=\"auto, (max-width: 405px) 100vw, 405px\" \/><\/p>\n<hr \/>\n<h3 data-start=\"4318\" data-end=\"4342\"><strong data-start=\"4322\" data-end=\"4342\">Sistem TERMO 150<\/strong><\/h3>\n<p data-start=\"4343\" data-end=\"4710\">TERMO 150 je podizno-klizni sistem u dvokrilnoj, trokrilnoj i \u010detverokrilnoj izvedbi, s ili bez integriranog fiksnog dijela (plus verzija). Ugradbena dubina rama je 150\u2013233 mm. Prekid termi\u010dkog mosta posti\u017ee se poliamidnim trakama, a dodatno pobolj\u0161anje izolacije posti\u017ee se XPS \u0161tapi\u0107ima. Sistem je kompatibilan s fasadnim rje\u0161enjima i omogu\u0107uje skriveni odvod vode.<\/p>\n<p data-start=\"4343\" data-end=\"4710\"><img loading=\"lazy\" decoding=\"async\" class=\"alignnone wp-image-639\" src=\"https:\/\/aluminij-gradjenje.hr\/wp-content\/uploads\/2025\/09\/TERMO-150-1.jpg\" alt=\"\" width=\"404\" height=\"303\" srcset=\"https:\/\/aluminij-gradjenje.hr\/wp-content\/uploads\/2025\/09\/TERMO-150-1.jpg 1024w, https:\/\/aluminij-gradjenje.hr\/wp-content\/uploads\/2025\/09\/TERMO-150-1-300x225.jpg 300w, https:\/\/aluminij-gradjenje.hr\/wp-content\/uploads\/2025\/09\/TERMO-150-1-768x576.jpg 768w, https:\/\/aluminij-gradjenje.hr\/wp-content\/uploads\/2025\/09\/TERMO-150-1-560x420.jpg 560w, https:\/\/aluminij-gradjenje.hr\/wp-content\/uploads\/2025\/09\/TERMO-150-1-80x60.jpg 80w, https:\/\/aluminij-gradjenje.hr\/wp-content\/uploads\/2025\/09\/TERMO-150-1-150x113.jpg 150w, https:\/\/aluminij-gradjenje.hr\/wp-content\/uploads\/2025\/09\/TERMO-150-1-696x522.jpg 696w, https:\/\/aluminij-gradjenje.hr\/wp-content\/uploads\/2025\/09\/TERMO-150-1-600x450.jpg 600w\" sizes=\"auto, (max-width: 404px) 100vw, 404px\" \/><\/p>\n<hr \/>\n<h3 data-start=\"4712\" data-end=\"4732\"><strong data-start=\"4716\" data-end=\"4732\">Sistem INOWA<\/strong><\/h3>\n<p data-start=\"4733\" data-end=\"5069\">INOWA je otklopno-klizni sistem s integriranim fiksnim dijelom. Ugradbena dubina rama 156 mm, poliamidne trake 30\u201332 mm i XPS \u0161tapi\u0107i omogu\u0107uju visoku toplinsku i stati\u010dku u\u010dinkovitost (klasa C5\/B5). Paralelno pomjeranje krila \u00b18 mm i brtvljenje po obodu krila osigurava dobru propusnost zraka i otpornost na vodu i optere\u0107enje vjetrom.<\/p>\n<p data-start=\"4733\" data-end=\"5069\"><img loading=\"lazy\" decoding=\"async\" class=\"alignnone wp-image-641\" src=\"https:\/\/aluminij-gradjenje.hr\/wp-content\/uploads\/2025\/09\/inowa.jpg\" alt=\"\" width=\"415\" height=\"356\" srcset=\"https:\/\/aluminij-gradjenje.hr\/wp-content\/uploads\/2025\/09\/inowa.jpg 1024w, https:\/\/aluminij-gradjenje.hr\/wp-content\/uploads\/2025\/09\/inowa-300x257.jpg 300w, https:\/\/aluminij-gradjenje.hr\/wp-content\/uploads\/2025\/09\/inowa-768x659.jpg 768w, https:\/\/aluminij-gradjenje.hr\/wp-content\/uploads\/2025\/09\/inowa-490x420.jpg 490w, https:\/\/aluminij-gradjenje.hr\/wp-content\/uploads\/2025\/09\/inowa-150x129.jpg 150w, https:\/\/aluminij-gradjenje.hr\/wp-content\/uploads\/2025\/09\/inowa-696x597.jpg 696w, https:\/\/aluminij-gradjenje.hr\/wp-content\/uploads\/2025\/09\/inowa-600x514.jpg 600w\" sizes=\"auto, (max-width: 415px) 100vw, 415px\" \/><\/p>\n<hr \/>\n<h3 data-start=\"5071\" data-end=\"5095\"><strong data-start=\"5075\" data-end=\"5095\">Sch\u00fcco ASE 80.HI<\/strong><\/h3>\n<p data-start=\"5096\" data-end=\"5376\">Visoko izolirani sistem za klizne i podizno-klizne stijene, namijenjen i za pasivne ku\u0107e. Tanak dizajn, skriveni okovi i pragovi omogu\u0107uju neometano spajanje unutarnjih i vanjskih prostora. Opcije poput Sch\u00fcco SmartStop i SmartClose pove\u0107avaju sigurnost i jednostavnost rukovanja.<\/p>\n<p data-start=\"5096\" data-end=\"5376\"><img loading=\"lazy\" decoding=\"async\" class=\"alignnone wp-image-644\" src=\"https:\/\/aluminij-gradjenje.hr\/wp-content\/uploads\/2025\/09\/ASE_80_HI-scaled-1.jpg\" alt=\"\" width=\"378\" height=\"378\" srcset=\"https:\/\/aluminij-gradjenje.hr\/wp-content\/uploads\/2025\/09\/ASE_80_HI-scaled-1.jpg 2560w, https:\/\/aluminij-gradjenje.hr\/wp-content\/uploads\/2025\/09\/ASE_80_HI-scaled-1-300x300.jpg 300w, https:\/\/aluminij-gradjenje.hr\/wp-content\/uploads\/2025\/09\/ASE_80_HI-scaled-1-1024x1024.jpg 1024w, https:\/\/aluminij-gradjenje.hr\/wp-content\/uploads\/2025\/09\/ASE_80_HI-scaled-1-150x150.jpg 150w, https:\/\/aluminij-gradjenje.hr\/wp-content\/uploads\/2025\/09\/ASE_80_HI-scaled-1-768x768.jpg 768w, https:\/\/aluminij-gradjenje.hr\/wp-content\/uploads\/2025\/09\/ASE_80_HI-scaled-1-1536x1536.jpg 1536w, https:\/\/aluminij-gradjenje.hr\/wp-content\/uploads\/2025\/09\/ASE_80_HI-scaled-1-2048x2048.jpg 2048w, https:\/\/aluminij-gradjenje.hr\/wp-content\/uploads\/2025\/09\/ASE_80_HI-scaled-1-420x420.jpg 420w, https:\/\/aluminij-gradjenje.hr\/wp-content\/uploads\/2025\/09\/ASE_80_HI-scaled-1-696x696.jpg 696w, https:\/\/aluminij-gradjenje.hr\/wp-content\/uploads\/2025\/09\/ASE_80_HI-scaled-1-1068x1068.jpg 1068w, https:\/\/aluminij-gradjenje.hr\/wp-content\/uploads\/2025\/09\/ASE_80_HI-scaled-1-1920x1920.jpg 1920w, https:\/\/aluminij-gradjenje.hr\/wp-content\/uploads\/2025\/09\/ASE_80_HI-scaled-1-600x600.jpg 600w, https:\/\/aluminij-gradjenje.hr\/wp-content\/uploads\/2025\/09\/ASE_80_HI-scaled-1-100x100.jpg 100w\" sizes=\"auto, (max-width: 378px) 100vw, 378px\" \/><\/p>\n<hr \/>\n<h3 data-start=\"5378\" data-end=\"5399\"><strong data-start=\"5382\" data-end=\"5399\">Sch\u00fcco ASS 50<\/strong><\/h3>\n<p data-start=\"5400\" data-end=\"5717\">Klizni i podizno-klizni sistem s dobrom toplinskom izolacijom i \u0161irokim arhitektonskim mogu\u0107nostima, posebno za komercijalne projekte. Omogu\u0107uje velike staklene povr\u0161ine i jednostavno rukovanje, uz otpornost na vremenske uvjete. \u0160irok raspon okova, ru\u010dki i boja prilago\u0111ava sistem individualnim potrebama korisnika.<\/p>\n<p data-start=\"5400\" data-end=\"5717\"><img loading=\"lazy\" decoding=\"async\" class=\"alignnone wp-image-647\" src=\"https:\/\/aluminij-gradjenje.hr\/wp-content\/uploads\/2025\/09\/ASS_50-scaled-1.jpg\" alt=\"\" width=\"381\" height=\"381\" srcset=\"https:\/\/aluminij-gradjenje.hr\/wp-content\/uploads\/2025\/09\/ASS_50-scaled-1.jpg 2560w, https:\/\/aluminij-gradjenje.hr\/wp-content\/uploads\/2025\/09\/ASS_50-scaled-1-300x300.jpg 300w, https:\/\/aluminij-gradjenje.hr\/wp-content\/uploads\/2025\/09\/ASS_50-scaled-1-1024x1024.jpg 1024w, https:\/\/aluminij-gradjenje.hr\/wp-content\/uploads\/2025\/09\/ASS_50-scaled-1-150x150.jpg 150w, https:\/\/aluminij-gradjenje.hr\/wp-content\/uploads\/2025\/09\/ASS_50-scaled-1-768x768.jpg 768w, https:\/\/aluminij-gradjenje.hr\/wp-content\/uploads\/2025\/09\/ASS_50-scaled-1-1536x1536.jpg 1536w, https:\/\/aluminij-gradjenje.hr\/wp-content\/uploads\/2025\/09\/ASS_50-scaled-1-2048x2048.jpg 2048w, https:\/\/aluminij-gradjenje.hr\/wp-content\/uploads\/2025\/09\/ASS_50-scaled-1-420x420.jpg 420w, https:\/\/aluminij-gradjenje.hr\/wp-content\/uploads\/2025\/09\/ASS_50-scaled-1-696x696.jpg 696w, https:\/\/aluminij-gradjenje.hr\/wp-content\/uploads\/2025\/09\/ASS_50-scaled-1-1068x1068.jpg 1068w, https:\/\/aluminij-gradjenje.hr\/wp-content\/uploads\/2025\/09\/ASS_50-scaled-1-1920x1920.jpg 1920w, https:\/\/aluminij-gradjenje.hr\/wp-content\/uploads\/2025\/09\/ASS_50-scaled-1-600x600.jpg 600w, https:\/\/aluminij-gradjenje.hr\/wp-content\/uploads\/2025\/09\/ASS_50-scaled-1-100x100.jpg 100w\" sizes=\"auto, (max-width: 381px) 100vw, 381px\" \/><\/p>\n<p data-start=\"109\" data-end=\"383\">Ako \u017eelite saznati vi\u0161e o aluminijskim kliznim stijenama i prona\u0107i rje\u0161enje prilago\u0111eno va\u0161em prostoru, kontaktirajte nas. Rado \u0107emo dogovoriti neformalni sastanak, predstaviti vam na\u0161e sisteme i pokazati kako klizne stijene mogu unaprijediti va\u0161 dom ili poslovni prostor.<\/p>\n<p data-start=\"109\" data-end=\"383\"><img loading=\"lazy\" decoding=\"async\" class=\"alignnone size-full wp-image-1098\" src=\"https:\/\/aluminij-gradjenje.hr\/wp-content\/uploads\/2025\/10\/Auminij-gradjenje-2030.webp\" alt=\"\" width=\"1133\" height=\"1971\" srcset=\"https:\/\/aluminij-gradjenje.hr\/wp-content\/uploads\/2025\/10\/Auminij-gradjenje-2030.webp 1133w, https:\/\/aluminij-gradjenje.hr\/wp-content\/uploads\/2025\/10\/Auminij-gradjenje-2030-172x300.webp 172w, https:\/\/aluminij-gradjenje.hr\/wp-content\/uploads\/2025\/10\/Auminij-gradjenje-2030-589x1024.webp 589w, https:\/\/aluminij-gradjenje.hr\/wp-content\/uploads\/2025\/10\/Auminij-gradjenje-2030-768x1336.webp 768w, https:\/\/aluminij-gradjenje.hr\/wp-content\/uploads\/2025\/10\/Auminij-gradjenje-2030-883x1536.webp 883w, https:\/\/aluminij-gradjenje.hr\/wp-content\/uploads\/2025\/10\/Auminij-gradjenje-2030-241x420.webp 241w, https:\/\/aluminij-gradjenje.hr\/wp-content\/uploads\/2025\/10\/Auminij-gradjenje-2030-150x261.webp 150w, https:\/\/aluminij-gradjenje.hr\/wp-content\/uploads\/2025\/10\/Auminij-gradjenje-2030-300x522.webp 300w, https:\/\/aluminij-gradjenje.hr\/wp-content\/uploads\/2025\/10\/Auminij-gradjenje-2030-696x1211.webp 696w, https:\/\/aluminij-gradjenje.hr\/wp-content\/uploads\/2025\/10\/Auminij-gradjenje-2030-1068x1858.webp 1068w, https:\/\/aluminij-gradjenje.hr\/wp-content\/uploads\/2025\/10\/Auminij-gradjenje-2030-600x1044.webp 600w\" sizes=\"auto, (max-width: 1133px) 100vw, 1133px\" \/><\/p>\n","protected":false},"excerpt":{"rendered":"<p>Aluminijske klizne stijene omogu\u0107uju jednostavno i u\u010dinkovito povezivanje unutarnjeg i vanjskog prostora. Zbog svoje \u010dvrsto\u0107e, trajnosti i urednog izgleda sve se \u010de\u0161\u0107e primjenjuju u modernoj stambenoj i poslovnoj gradnji. Dizajn i prozra\u010dnost S tankim aluminijskim profilima i velikim staklenim povr\u0161inama, ove stijene propu\u0161taju mnogo prirodnog svjetla i stvaraju osje\u0107aj otvorenosti. Mogu se izvesti u razli\u010ditim [&hellip;]<\/p>\n","protected":false},"author":1,"featured_media":1239,"comment_status":"closed","ping_status":"closed","sticky":false,"template":"","format":"standard","meta":{"footnotes":""},"categories":[63],"tags":[],"class_list":{"0":"post-1092","1":"post","2":"type-post","3":"status-publish","4":"format-standard","5":"has-post-thumbnail","7":"category-novosti"},"yoast_head":"<!-- This site is optimized with the Yoast SEO plugin v27.4 - https:\/\/yoast.com\/product\/yoast-seo-wordpress\/ -->\n<title>Aluminijske klizne stijene \u2013 funkcionalno rje\u0161enje o kojem se pri\u010da - Aluminij gra\u0111enje<\/title>\n<meta name=\"robots\" content=\"index, follow, max-snippet:-1, max-image-preview:large, max-video-preview:-1\" \/>\n<link rel=\"canonical\" href=\"https:\/\/aluminij-gradjenje.hr\/index.php\/2025\/10\/29\/aluminijske-klizne-stijene-funkcionalno-rjesenje-za-moderan-prostor-o-kojem-se-prica\/\" \/>\n<meta property=\"og:locale\" content=\"hr_HR\" \/>\n<meta property=\"og:type\" content=\"article\" \/>\n<meta property=\"og:title\" content=\"Aluminijske klizne stijene \u2013 funkcionalno rje\u0161enje o kojem se pri\u010da - Aluminij gra\u0111enje\" \/>\n<meta property=\"og:description\" content=\"Aluminijske klizne stijene omogu\u0107uju jednostavno i u\u010dinkovito povezivanje unutarnjeg i vanjskog prostora. Zbog svoje \u010dvrsto\u0107e, trajnosti i urednog izgleda sve se \u010de\u0161\u0107e primjenjuju u modernoj stambenoj i poslovnoj gradnji. Dizajn i prozra\u010dnost S tankim aluminijskim profilima i velikim staklenim povr\u0161inama, ove stijene propu\u0161taju mnogo prirodnog svjetla i stvaraju osje\u0107aj otvorenosti. Mogu se izvesti u razli\u010ditim [&hellip;]\" \/>\n<meta property=\"og:url\" content=\"https:\/\/aluminij-gradjenje.hr\/index.php\/2025\/10\/29\/aluminijske-klizne-stijene-funkcionalno-rjesenje-za-moderan-prostor-o-kojem-se-prica\/\" \/>\n<meta property=\"og:site_name\" content=\"Aluminij gra\u0111enje\" \/>\n<meta property=\"article:published_time\" content=\"2025-10-29T13:46:31+00:00\" \/>\n<meta property=\"article:modified_time\" content=\"2026-03-26T08:08:05+00:00\" \/>\n<meta property=\"og:image\" content=\"https:\/\/aluminij-gradjenje.hr\/wp-content\/uploads\/2025\/10\/aluminij-gradjenje.jpg\" \/>\n\t<meta property=\"og:image:width\" content=\"2000\" \/>\n\t<meta property=\"og:image:height\" content=\"1419\" \/>\n\t<meta property=\"og:image:type\" content=\"image\/jpeg\" \/>\n<meta name=\"author\" content=\"Administrator\" \/>\n<meta name=\"twitter:card\" content=\"summary_large_image\" \/>\n<meta name=\"twitter:label1\" content=\"Napisao\/la\" \/>\n\t<meta name=\"twitter:data1\" content=\"Administrator\" \/>\n\t<meta name=\"twitter:label2\" content=\"Procijenjeno vrijeme \u010ditanja\" \/>\n\t<meta name=\"twitter:data2\" content=\"7 minuta\" \/>\n<script type=\"application\/ld+json\" class=\"yoast-schema-graph\">{\"@context\":\"https:\\\/\\\/schema.org\",\"@graph\":[{\"@type\":\"Article\",\"@id\":\"https:\\\/\\\/aluminij-gradjenje.hr\\\/index.php\\\/2025\\\/10\\\/29\\\/aluminijske-klizne-stijene-funkcionalno-rjesenje-za-moderan-prostor-o-kojem-se-prica\\\/#article\",\"isPartOf\":{\"@id\":\"https:\\\/\\\/aluminij-gradjenje.hr\\\/index.php\\\/2025\\\/10\\\/29\\\/aluminijske-klizne-stijene-funkcionalno-rjesenje-za-moderan-prostor-o-kojem-se-prica\\\/\"},\"author\":{\"name\":\"Administrator\",\"@id\":\"https:\\\/\\\/aluminij-gradjenje.hr\\\/#\\\/schema\\\/person\\\/23efc0d75e4a048b66ef82629253a25d\"},\"headline\":\"Aluminijske klizne stijene \u2013 funkcionalno rje\u0161enje o kojem se pri\u010da\",\"datePublished\":\"2025-10-29T13:46:31+00:00\",\"dateModified\":\"2026-03-26T08:08:05+00:00\",\"mainEntityOfPage\":{\"@id\":\"https:\\\/\\\/aluminij-gradjenje.hr\\\/index.php\\\/2025\\\/10\\\/29\\\/aluminijske-klizne-stijene-funkcionalno-rjesenje-za-moderan-prostor-o-kojem-se-prica\\\/\"},\"wordCount\":846,\"image\":{\"@id\":\"https:\\\/\\\/aluminij-gradjenje.hr\\\/index.php\\\/2025\\\/10\\\/29\\\/aluminijske-klizne-stijene-funkcionalno-rjesenje-za-moderan-prostor-o-kojem-se-prica\\\/#primaryimage\"},\"thumbnailUrl\":\"https:\\\/\\\/aluminij-gradjenje.hr\\\/wp-content\\\/uploads\\\/2025\\\/10\\\/aluminij-gradjenje.jpg\",\"articleSection\":[\"NOVOSTI\"],\"inLanguage\":\"hr\"},{\"@type\":\"WebPage\",\"@id\":\"https:\\\/\\\/aluminij-gradjenje.hr\\\/index.php\\\/2025\\\/10\\\/29\\\/aluminijske-klizne-stijene-funkcionalno-rjesenje-za-moderan-prostor-o-kojem-se-prica\\\/\",\"url\":\"https:\\\/\\\/aluminij-gradjenje.hr\\\/index.php\\\/2025\\\/10\\\/29\\\/aluminijske-klizne-stijene-funkcionalno-rjesenje-za-moderan-prostor-o-kojem-se-prica\\\/\",\"name\":\"Aluminijske klizne stijene \u2013 funkcionalno rje\u0161enje o kojem se pri\u010da - Aluminij gra\u0111enje\",\"isPartOf\":{\"@id\":\"https:\\\/\\\/aluminij-gradjenje.hr\\\/#website\"},\"primaryImageOfPage\":{\"@id\":\"https:\\\/\\\/aluminij-gradjenje.hr\\\/index.php\\\/2025\\\/10\\\/29\\\/aluminijske-klizne-stijene-funkcionalno-rjesenje-za-moderan-prostor-o-kojem-se-prica\\\/#primaryimage\"},\"image\":{\"@id\":\"https:\\\/\\\/aluminij-gradjenje.hr\\\/index.php\\\/2025\\\/10\\\/29\\\/aluminijske-klizne-stijene-funkcionalno-rjesenje-za-moderan-prostor-o-kojem-se-prica\\\/#primaryimage\"},\"thumbnailUrl\":\"https:\\\/\\\/aluminij-gradjenje.hr\\\/wp-content\\\/uploads\\\/2025\\\/10\\\/aluminij-gradjenje.jpg\",\"datePublished\":\"2025-10-29T13:46:31+00:00\",\"dateModified\":\"2026-03-26T08:08:05+00:00\",\"author\":{\"@id\":\"https:\\\/\\\/aluminij-gradjenje.hr\\\/#\\\/schema\\\/person\\\/23efc0d75e4a048b66ef82629253a25d\"},\"breadcrumb\":{\"@id\":\"https:\\\/\\\/aluminij-gradjenje.hr\\\/index.php\\\/2025\\\/10\\\/29\\\/aluminijske-klizne-stijene-funkcionalno-rjesenje-za-moderan-prostor-o-kojem-se-prica\\\/#breadcrumb\"},\"inLanguage\":\"hr\",\"potentialAction\":[{\"@type\":\"ReadAction\",\"target\":[\"https:\\\/\\\/aluminij-gradjenje.hr\\\/index.php\\\/2025\\\/10\\\/29\\\/aluminijske-klizne-stijene-funkcionalno-rjesenje-za-moderan-prostor-o-kojem-se-prica\\\/\"]}]},{\"@type\":\"ImageObject\",\"inLanguage\":\"hr\",\"@id\":\"https:\\\/\\\/aluminij-gradjenje.hr\\\/index.php\\\/2025\\\/10\\\/29\\\/aluminijske-klizne-stijene-funkcionalno-rjesenje-za-moderan-prostor-o-kojem-se-prica\\\/#primaryimage\",\"url\":\"https:\\\/\\\/aluminij-gradjenje.hr\\\/wp-content\\\/uploads\\\/2025\\\/10\\\/aluminij-gradjenje.jpg\",\"contentUrl\":\"https:\\\/\\\/aluminij-gradjenje.hr\\\/wp-content\\\/uploads\\\/2025\\\/10\\\/aluminij-gradjenje.jpg\",\"width\":2000,\"height\":1419,\"caption\":\"Archiexpo\"},{\"@type\":\"BreadcrumbList\",\"@id\":\"https:\\\/\\\/aluminij-gradjenje.hr\\\/index.php\\\/2025\\\/10\\\/29\\\/aluminijske-klizne-stijene-funkcionalno-rjesenje-za-moderan-prostor-o-kojem-se-prica\\\/#breadcrumb\",\"itemListElement\":[{\"@type\":\"ListItem\",\"position\":1,\"name\":\"Po\u010detna stranica\",\"item\":\"https:\\\/\\\/aluminij-gradjenje.hr\\\/\"},{\"@type\":\"ListItem\",\"position\":2,\"name\":\"Aluminijske klizne stijene \u2013 funkcionalno rje\u0161enje o kojem se pri\u010da\"}]},{\"@type\":\"WebSite\",\"@id\":\"https:\\\/\\\/aluminij-gradjenje.hr\\\/#website\",\"url\":\"https:\\\/\\\/aluminij-gradjenje.hr\\\/\",\"name\":\"Aluminij gra\u0111enje\",\"description\":\"\",\"potentialAction\":[{\"@type\":\"SearchAction\",\"target\":{\"@type\":\"EntryPoint\",\"urlTemplate\":\"https:\\\/\\\/aluminij-gradjenje.hr\\\/?s={search_term_string}\"},\"query-input\":{\"@type\":\"PropertyValueSpecification\",\"valueRequired\":true,\"valueName\":\"search_term_string\"}}],\"inLanguage\":\"hr\"},{\"@type\":\"Person\",\"@id\":\"https:\\\/\\\/aluminij-gradjenje.hr\\\/#\\\/schema\\\/person\\\/23efc0d75e4a048b66ef82629253a25d\",\"name\":\"Administrator\",\"image\":{\"@type\":\"ImageObject\",\"inLanguage\":\"hr\",\"@id\":\"https:\\\/\\\/secure.gravatar.com\\\/avatar\\\/5fdda66b914c7a04e236bef77242d83e804076a44345bff6f9fb77a63aac1475?s=96&d=mm&r=g\",\"url\":\"https:\\\/\\\/secure.gravatar.com\\\/avatar\\\/5fdda66b914c7a04e236bef77242d83e804076a44345bff6f9fb77a63aac1475?s=96&d=mm&r=g\",\"contentUrl\":\"https:\\\/\\\/secure.gravatar.com\\\/avatar\\\/5fdda66b914c7a04e236bef77242d83e804076a44345bff6f9fb77a63aac1475?s=96&d=mm&r=g\",\"caption\":\"Administrator\"},\"sameAs\":[\"https:\\\/\\\/aluminij-gradjenje.hr\"],\"url\":\"https:\\\/\\\/aluminij-gradjenje.hr\\\/index.php\\\/author\\\/administrator\\\/\"}]}<\/script>\n<!-- \/ Yoast SEO plugin. -->","yoast_head_json":{"title":"Aluminijske klizne stijene \u2013 funkcionalno rje\u0161enje o kojem se pri\u010da - Aluminij gra\u0111enje","robots":{"index":"index","follow":"follow","max-snippet":"max-snippet:-1","max-image-preview":"max-image-preview:large","max-video-preview":"max-video-preview:-1"},"canonical":"https:\/\/aluminij-gradjenje.hr\/index.php\/2025\/10\/29\/aluminijske-klizne-stijene-funkcionalno-rjesenje-za-moderan-prostor-o-kojem-se-prica\/","og_locale":"hr_HR","og_type":"article","og_title":"Aluminijske klizne stijene \u2013 funkcionalno rje\u0161enje o kojem se pri\u010da - Aluminij gra\u0111enje","og_description":"Aluminijske klizne stijene omogu\u0107uju jednostavno i u\u010dinkovito povezivanje unutarnjeg i vanjskog prostora. Zbog svoje \u010dvrsto\u0107e, trajnosti i urednog izgleda sve se \u010de\u0161\u0107e primjenjuju u modernoj stambenoj i poslovnoj gradnji. Dizajn i prozra\u010dnost S tankim aluminijskim profilima i velikim staklenim povr\u0161inama, ove stijene propu\u0161taju mnogo prirodnog svjetla i stvaraju osje\u0107aj otvorenosti. Mogu se izvesti u razli\u010ditim [&hellip;]","og_url":"https:\/\/aluminij-gradjenje.hr\/index.php\/2025\/10\/29\/aluminijske-klizne-stijene-funkcionalno-rjesenje-za-moderan-prostor-o-kojem-se-prica\/","og_site_name":"Aluminij gra\u0111enje","article_published_time":"2025-10-29T13:46:31+00:00","article_modified_time":"2026-03-26T08:08:05+00:00","og_image":[{"width":2000,"height":1419,"url":"https:\/\/aluminij-gradjenje.hr\/wp-content\/uploads\/2025\/10\/aluminij-gradjenje.jpg","type":"image\/jpeg"}],"author":"Administrator","twitter_card":"summary_large_image","twitter_misc":{"Napisao\/la":"Administrator","Procijenjeno vrijeme \u010ditanja":"7 minuta"},"schema":{"@context":"https:\/\/schema.org","@graph":[{"@type":"Article","@id":"https:\/\/aluminij-gradjenje.hr\/index.php\/2025\/10\/29\/aluminijske-klizne-stijene-funkcionalno-rjesenje-za-moderan-prostor-o-kojem-se-prica\/#article","isPartOf":{"@id":"https:\/\/aluminij-gradjenje.hr\/index.php\/2025\/10\/29\/aluminijske-klizne-stijene-funkcionalno-rjesenje-za-moderan-prostor-o-kojem-se-prica\/"},"author":{"name":"Administrator","@id":"https:\/\/aluminij-gradjenje.hr\/#\/schema\/person\/23efc0d75e4a048b66ef82629253a25d"},"headline":"Aluminijske klizne stijene \u2013 funkcionalno rje\u0161enje o kojem se pri\u010da","datePublished":"2025-10-29T13:46:31+00:00","dateModified":"2026-03-26T08:08:05+00:00","mainEntityOfPage":{"@id":"https:\/\/aluminij-gradjenje.hr\/index.php\/2025\/10\/29\/aluminijske-klizne-stijene-funkcionalno-rjesenje-za-moderan-prostor-o-kojem-se-prica\/"},"wordCount":846,"image":{"@id":"https:\/\/aluminij-gradjenje.hr\/index.php\/2025\/10\/29\/aluminijske-klizne-stijene-funkcionalno-rjesenje-za-moderan-prostor-o-kojem-se-prica\/#primaryimage"},"thumbnailUrl":"https:\/\/aluminij-gradjenje.hr\/wp-content\/uploads\/2025\/10\/aluminij-gradjenje.jpg","articleSection":["NOVOSTI"],"inLanguage":"hr"},{"@type":"WebPage","@id":"https:\/\/aluminij-gradjenje.hr\/index.php\/2025\/10\/29\/aluminijske-klizne-stijene-funkcionalno-rjesenje-za-moderan-prostor-o-kojem-se-prica\/","url":"https:\/\/aluminij-gradjenje.hr\/index.php\/2025\/10\/29\/aluminijske-klizne-stijene-funkcionalno-rjesenje-za-moderan-prostor-o-kojem-se-prica\/","name":"Aluminijske klizne stijene \u2013 funkcionalno rje\u0161enje o kojem se pri\u010da - Aluminij gra\u0111enje","isPartOf":{"@id":"https:\/\/aluminij-gradjenje.hr\/#website"},"primaryImageOfPage":{"@id":"https:\/\/aluminij-gradjenje.hr\/index.php\/2025\/10\/29\/aluminijske-klizne-stijene-funkcionalno-rjesenje-za-moderan-prostor-o-kojem-se-prica\/#primaryimage"},"image":{"@id":"https:\/\/aluminij-gradjenje.hr\/index.php\/2025\/10\/29\/aluminijske-klizne-stijene-funkcionalno-rjesenje-za-moderan-prostor-o-kojem-se-prica\/#primaryimage"},"thumbnailUrl":"https:\/\/aluminij-gradjenje.hr\/wp-content\/uploads\/2025\/10\/aluminij-gradjenje.jpg","datePublished":"2025-10-29T13:46:31+00:00","dateModified":"2026-03-26T08:08:05+00:00","author":{"@id":"https:\/\/aluminij-gradjenje.hr\/#\/schema\/person\/23efc0d75e4a048b66ef82629253a25d"},"breadcrumb":{"@id":"https:\/\/aluminij-gradjenje.hr\/index.php\/2025\/10\/29\/aluminijske-klizne-stijene-funkcionalno-rjesenje-za-moderan-prostor-o-kojem-se-prica\/#breadcrumb"},"inLanguage":"hr","potentialAction":[{"@type":"ReadAction","target":["https:\/\/aluminij-gradjenje.hr\/index.php\/2025\/10\/29\/aluminijske-klizne-stijene-funkcionalno-rjesenje-za-moderan-prostor-o-kojem-se-prica\/"]}]},{"@type":"ImageObject","inLanguage":"hr","@id":"https:\/\/aluminij-gradjenje.hr\/index.php\/2025\/10\/29\/aluminijske-klizne-stijene-funkcionalno-rjesenje-za-moderan-prostor-o-kojem-se-prica\/#primaryimage","url":"https:\/\/aluminij-gradjenje.hr\/wp-content\/uploads\/2025\/10\/aluminij-gradjenje.jpg","contentUrl":"https:\/\/aluminij-gradjenje.hr\/wp-content\/uploads\/2025\/10\/aluminij-gradjenje.jpg","width":2000,"height":1419,"caption":"Archiexpo"},{"@type":"BreadcrumbList","@id":"https:\/\/aluminij-gradjenje.hr\/index.php\/2025\/10\/29\/aluminijske-klizne-stijene-funkcionalno-rjesenje-za-moderan-prostor-o-kojem-se-prica\/#breadcrumb","itemListElement":[{"@type":"ListItem","position":1,"name":"Po\u010detna stranica","item":"https:\/\/aluminij-gradjenje.hr\/"},{"@type":"ListItem","position":2,"name":"Aluminijske klizne stijene \u2013 funkcionalno rje\u0161enje o kojem se pri\u010da"}]},{"@type":"WebSite","@id":"https:\/\/aluminij-gradjenje.hr\/#website","url":"https:\/\/aluminij-gradjenje.hr\/","name":"Aluminij gra\u0111enje","description":"","potentialAction":[{"@type":"SearchAction","target":{"@type":"EntryPoint","urlTemplate":"https:\/\/aluminij-gradjenje.hr\/?s={search_term_string}"},"query-input":{"@type":"PropertyValueSpecification","valueRequired":true,"valueName":"search_term_string"}}],"inLanguage":"hr"},{"@type":"Person","@id":"https:\/\/aluminij-gradjenje.hr\/#\/schema\/person\/23efc0d75e4a048b66ef82629253a25d","name":"Administrator","image":{"@type":"ImageObject","inLanguage":"hr","@id":"https:\/\/secure.gravatar.com\/avatar\/5fdda66b914c7a04e236bef77242d83e804076a44345bff6f9fb77a63aac1475?s=96&d=mm&r=g","url":"https:\/\/secure.gravatar.com\/avatar\/5fdda66b914c7a04e236bef77242d83e804076a44345bff6f9fb77a63aac1475?s=96&d=mm&r=g","contentUrl":"https:\/\/secure.gravatar.com\/avatar\/5fdda66b914c7a04e236bef77242d83e804076a44345bff6f9fb77a63aac1475?s=96&d=mm&r=g","caption":"Administrator"},"sameAs":["https:\/\/aluminij-gradjenje.hr"],"url":"https:\/\/aluminij-gradjenje.hr\/index.php\/author\/administrator\/"}]}},"_links":{"self":[{"href":"https:\/\/aluminij-gradjenje.hr\/index.php\/wp-json\/wp\/v2\/posts\/1092","targetHints":{"allow":["GET"]}}],"collection":[{"href":"https:\/\/aluminij-gradjenje.hr\/index.php\/wp-json\/wp\/v2\/posts"}],"about":[{"href":"https:\/\/aluminij-gradjenje.hr\/index.php\/wp-json\/wp\/v2\/types\/post"}],"author":[{"embeddable":true,"href":"https:\/\/aluminij-gradjenje.hr\/index.php\/wp-json\/wp\/v2\/users\/1"}],"replies":[{"embeddable":true,"href":"https:\/\/aluminij-gradjenje.hr\/index.php\/wp-json\/wp\/v2\/comments?post=1092"}],"version-history":[{"count":7,"href":"https:\/\/aluminij-gradjenje.hr\/index.php\/wp-json\/wp\/v2\/posts\/1092\/revisions"}],"predecessor-version":[{"id":1242,"href":"https:\/\/aluminij-gradjenje.hr\/index.php\/wp-json\/wp\/v2\/posts\/1092\/revisions\/1242"}],"wp:featuredmedia":[{"embeddable":true,"href":"https:\/\/aluminij-gradjenje.hr\/index.php\/wp-json\/wp\/v2\/media\/1239"}],"wp:attachment":[{"href":"https:\/\/aluminij-gradjenje.hr\/index.php\/wp-json\/wp\/v2\/media?parent=1092"}],"wp:term":[{"taxonomy":"category","embeddable":true,"href":"https:\/\/aluminij-gradjenje.hr\/index.php\/wp-json\/wp\/v2\/categories?post=1092"},{"taxonomy":"post_tag","embeddable":true,"href":"https:\/\/aluminij-gradjenje.hr\/index.php\/wp-json\/wp\/v2\/tags?post=1092"}],"curies":[{"name":"wp","href":"https:\/\/api.w.org\/{rel}","templated":true}]}}