{"id":268,"date":"2025-09-16T16:46:52","date_gmt":"2025-09-16T14:46:52","guid":{"rendered":"https:\/\/aluminij-gradjenje.hr\/?p=268"},"modified":"2025-09-21T19:49:17","modified_gmt":"2025-09-21T17:49:17","slug":"staklo","status":"publish","type":"post","link":"https:\/\/aluminij-gradjenje.hr\/index.php\/2025\/09\/16\/staklo\/","title":{"rendered":"STAKLO"},"content":{"rendered":"<h3>Staklo je kroz stolje\u0107a jedan od naj\u010de\u0161\u0107e kori\u0161tenih i \u0161iroko rasprostranjenih materijala.<br \/>\nZahvaljuju\u0107i dana\u0161njim tehnologijama u mogu\u0107nosti smo ponuditi \u0161iroku paletu proizvoda, raznih boja oblika i dimenzija. Tako\u0111er u dana\u0161nje vrijeme popularni i sve vi\u0161e kori\u0161ten print na staklu upotrebljava se u raznim situacijama (kuhinje, kupaonice, poslovni objekti i sli\u010dno).<\/h3>\n<p>Staklene ograde su sve \u010de\u0161\u0107e prisutne u interijerima i eksterijerima domova, bilo da se radi o klasi\u010dnom ili modernom stilu dizajna. Zahvaljuju\u0107i svojoj neutralnosti, jednostavnom obliku i formi vizualno se prilago\u0111avaju svakoj okolini, a najvi\u0161e se isti\u010du svojom nenametljivom prirodom.<\/p>\n<p><img loading=\"lazy\" decoding=\"async\" class=\"alignnone size-full wp-image-269\" src=\"https:\/\/aluminij-gradjenje.hr\/wp-content\/uploads\/2025\/09\/Alu-gradjenje-profil-za-staklenu-ogradu.jpg\" alt=\"\" width=\"1024\" height=\"878\" srcset=\"https:\/\/aluminij-gradjenje.hr\/wp-content\/uploads\/2025\/09\/Alu-gradjenje-profil-za-staklenu-ogradu.jpg 1024w, https:\/\/aluminij-gradjenje.hr\/wp-content\/uploads\/2025\/09\/Alu-gradjenje-profil-za-staklenu-ogradu-300x257.jpg 300w, https:\/\/aluminij-gradjenje.hr\/wp-content\/uploads\/2025\/09\/Alu-gradjenje-profil-za-staklenu-ogradu-768x659.jpg 768w, https:\/\/aluminij-gradjenje.hr\/wp-content\/uploads\/2025\/09\/Alu-gradjenje-profil-za-staklenu-ogradu-490x420.jpg 490w, https:\/\/aluminij-gradjenje.hr\/wp-content\/uploads\/2025\/09\/Alu-gradjenje-profil-za-staklenu-ogradu-150x129.jpg 150w, https:\/\/aluminij-gradjenje.hr\/wp-content\/uploads\/2025\/09\/Alu-gradjenje-profil-za-staklenu-ogradu-696x597.jpg 696w, https:\/\/aluminij-gradjenje.hr\/wp-content\/uploads\/2025\/09\/Alu-gradjenje-profil-za-staklenu-ogradu-600x514.jpg 600w\" sizes=\"auto, (max-width: 1024px) 100vw, 1024px\" \/><\/p>\n<p>Izrada stakla za ograde je\u00a0\u00a0kompleksan\u00a0posao koji zahtjeva visoku tehnologiju. Potrebno\u00a0je pa\u017eljivo i kvalitetno odraditi svaki dio u procesu\u00a0\u00a0kako bi se svi faktori sigurnosti zadovoljili. Ograda mora biti \u010dvrsta i sigurna, zbog toga staklo koje se koristi za izradu ograda mora biti\u00a0kaljeno i\/ili laminirano staklo te imati minimalnu debljinu od 8mm \u0161to ovisi o tipu i namjeni ograde.<\/p>\n<p>Primjena staklenih ograda po\u010dela je u eksterijeru, ali danas se vrlo \u010desto koristi i u interijeru. Mogu se koristiti za stubi\u0161ta, terase, francuske balkone i sli\u010dno. Ve\u0107inom se staklene povr\u0161ine izra\u0111uju u kombinaciji s inoxom od kojeg se izra\u0111uju stupi\u0107i te rukohvati koji \u010dine nosivu konstrukciju ograde. U posljednje vrijeme se zbog vizualnog efekta \u201c\u010disto\u0107e\u201d prostora sve vi\u0161e izra\u0111uju samostoje\u0107e staklene ograde koje se fiksiraju u podnu \u010deli\u010dnu konstrukciju ili to\u010dkasto spajaju spiderima. Staklene ograde mogu se koristiti za stubi\u0161ta, terase, francuske balkone i sli\u010dno.<\/p>\n<p><img loading=\"lazy\" decoding=\"async\" class=\"alignnone size-full wp-image-271\" src=\"https:\/\/aluminij-gradjenje.hr\/wp-content\/uploads\/2025\/09\/Staklene-ograde.webp\" alt=\"\" width=\"1080\" height=\"1629\" srcset=\"https:\/\/aluminij-gradjenje.hr\/wp-content\/uploads\/2025\/09\/Staklene-ograde.webp 1080w, https:\/\/aluminij-gradjenje.hr\/wp-content\/uploads\/2025\/09\/Staklene-ograde-199x300.webp 199w, https:\/\/aluminij-gradjenje.hr\/wp-content\/uploads\/2025\/09\/Staklene-ograde-679x1024.webp 679w, https:\/\/aluminij-gradjenje.hr\/wp-content\/uploads\/2025\/09\/Staklene-ograde-768x1158.webp 768w, https:\/\/aluminij-gradjenje.hr\/wp-content\/uploads\/2025\/09\/Staklene-ograde-1018x1536.webp 1018w, https:\/\/aluminij-gradjenje.hr\/wp-content\/uploads\/2025\/09\/Staklene-ograde-278x420.webp 278w, https:\/\/aluminij-gradjenje.hr\/wp-content\/uploads\/2025\/09\/Staklene-ograde-150x226.webp 150w, https:\/\/aluminij-gradjenje.hr\/wp-content\/uploads\/2025\/09\/Staklene-ograde-300x453.webp 300w, https:\/\/aluminij-gradjenje.hr\/wp-content\/uploads\/2025\/09\/Staklene-ograde-696x1050.webp 696w, https:\/\/aluminij-gradjenje.hr\/wp-content\/uploads\/2025\/09\/Staklene-ograde-1068x1611.webp 1068w, https:\/\/aluminij-gradjenje.hr\/wp-content\/uploads\/2025\/09\/Staklene-ograde-600x905.webp 600w\" sizes=\"auto, (max-width: 1080px) 100vw, 1080px\" \/><\/p>\n<p><strong>Ograde koje se montiraju na stupi\u0107e ili konstrukcije.\u00a0<\/strong>Konstrukcije mogu biti od aluminija, \u010delika ili drva. Na vrh staklene ograde mogu\u0107e je ugraditi i rukohvat, a nosa\u010di stakla mogu se plastificirati u bilo koju boju.<\/p>\n<p><strong>Uklije\u0161tene ograde koje se montiraju u linijske podne metalne profile\u00a0<\/strong>je\u00a0naj\u010de\u0161\u0107e kori\u0161ten oblik monta\u017ee staklenih ograda. Osim \u0161to pru\u017eaju lijep vizualni efekt, vrlo se lako fiksiraju u nose\u0107u plo\u010du, zid, pod ili na drvene ili \u010deli\u010dne nosa\u010de. Mogu biti bez rukohvata, premda je zbog stabilnosti bolje da ga ima.<\/p>\n<p><strong>Spider ograde koje se montiraju to\u010dkasto na inox vijke<\/strong>\u00a0omogu\u0107avaju nesmetan pogled na okoli\u0161 i pru\u017eaju najekskluzivniji izgled objekta. Vidljivi \u00a0su samo \u010disti stakleni paneli.<br \/>\nMonta\u017ea spider ograde se radi u kombinaciji s inox nosa\u010dima. Nosa\u010di se ugra\u0111uju u podne slojeve, a u staklu se bu\u0161e rupe kroz koje se montiraju spider nosa\u010di. U kombinaciji s prozirnim staklom daju elegantno i\u00a0 kvalitetno rje\u0161enje za unutarnje i vanjsko ure\u0111enje. Bez obzira na izgled, potrebno je da ograda zadovoljava i sve sigurnosne kriterije. Zbog bu\u0161enja stakla , kaljeno-laminirano staklo za ovu vrstu monta\u017ee bi bilo najbolji izbor.<\/p>\n<p><img loading=\"lazy\" decoding=\"async\" class=\"alignnone size-full wp-image-272\" src=\"https:\/\/aluminij-gradjenje.hr\/wp-content\/uploads\/2025\/09\/staklene-ograde-3.jpg\" alt=\"\" width=\"1028\" height=\"1371\" srcset=\"https:\/\/aluminij-gradjenje.hr\/wp-content\/uploads\/2025\/09\/staklene-ograde-3.jpg 1028w, https:\/\/aluminij-gradjenje.hr\/wp-content\/uploads\/2025\/09\/staklene-ograde-3-225x300.jpg 225w, https:\/\/aluminij-gradjenje.hr\/wp-content\/uploads\/2025\/09\/staklene-ograde-3-768x1024.jpg 768w, https:\/\/aluminij-gradjenje.hr\/wp-content\/uploads\/2025\/09\/staklene-ograde-3-315x420.jpg 315w, https:\/\/aluminij-gradjenje.hr\/wp-content\/uploads\/2025\/09\/staklene-ograde-3-150x200.jpg 150w, https:\/\/aluminij-gradjenje.hr\/wp-content\/uploads\/2025\/09\/staklene-ograde-3-300x400.jpg 300w, https:\/\/aluminij-gradjenje.hr\/wp-content\/uploads\/2025\/09\/staklene-ograde-3-696x928.jpg 696w, https:\/\/aluminij-gradjenje.hr\/wp-content\/uploads\/2025\/09\/staklene-ograde-3-600x800.jpg 600w\" sizes=\"auto, (max-width: 1028px) 100vw, 1028px\" \/> <img loading=\"lazy\" decoding=\"async\" class=\"alignnone size-full wp-image-273\" src=\"https:\/\/aluminij-gradjenje.hr\/wp-content\/uploads\/2025\/09\/Staklene-ograde-2.jpg\" alt=\"\" width=\"550\" height=\"734\" srcset=\"https:\/\/aluminij-gradjenje.hr\/wp-content\/uploads\/2025\/09\/Staklene-ograde-2.jpg 550w, https:\/\/aluminij-gradjenje.hr\/wp-content\/uploads\/2025\/09\/Staklene-ograde-2-225x300.jpg 225w, https:\/\/aluminij-gradjenje.hr\/wp-content\/uploads\/2025\/09\/Staklene-ograde-2-315x420.jpg 315w, https:\/\/aluminij-gradjenje.hr\/wp-content\/uploads\/2025\/09\/Staklene-ograde-2-150x200.jpg 150w, https:\/\/aluminij-gradjenje.hr\/wp-content\/uploads\/2025\/09\/Staklene-ograde-2-300x400.jpg 300w\" sizes=\"auto, (max-width: 550px) 100vw, 550px\" \/><\/p>\n<p>Stakleni krovovi predstavljaju moderna rje\u0161enja za pokrivanje raznih vrsta povr\u0161ina, a osim prakti\u010dnog rje\u0161enja za za\u0161titu od sunca, vjetra i ki\u0161e, pridonose i estetici prostora. Stakleni krovovi su minimalisti\u010dke konstrukcije i dizajna, a u kombinaciji s LED \u017earuljama daju efekt luksuznog ure\u0111enja i eksterijera.<\/p>\n<p>Iz tog razloga, stakleni krov je vrlo popularna opcija za komercijalne objekte kao \u0161to su zimski vrtovi i bazeni.<\/p>\n<p>&nbsp;<\/p>\n<p><img loading=\"lazy\" decoding=\"async\" class=\"alignnone size-full wp-image-274\" src=\"https:\/\/aluminij-gradjenje.hr\/wp-content\/uploads\/2025\/09\/stakleno-krov-3.jpg\" alt=\"\" width=\"716\" height=\"1074\" srcset=\"https:\/\/aluminij-gradjenje.hr\/wp-content\/uploads\/2025\/09\/stakleno-krov-3.jpg 716w, https:\/\/aluminij-gradjenje.hr\/wp-content\/uploads\/2025\/09\/stakleno-krov-3-200x300.jpg 200w, https:\/\/aluminij-gradjenje.hr\/wp-content\/uploads\/2025\/09\/stakleno-krov-3-683x1024.jpg 683w, https:\/\/aluminij-gradjenje.hr\/wp-content\/uploads\/2025\/09\/stakleno-krov-3-280x420.jpg 280w, https:\/\/aluminij-gradjenje.hr\/wp-content\/uploads\/2025\/09\/stakleno-krov-3-150x225.jpg 150w, https:\/\/aluminij-gradjenje.hr\/wp-content\/uploads\/2025\/09\/stakleno-krov-3-300x450.jpg 300w, https:\/\/aluminij-gradjenje.hr\/wp-content\/uploads\/2025\/09\/stakleno-krov-3-696x1044.jpg 696w, https:\/\/aluminij-gradjenje.hr\/wp-content\/uploads\/2025\/09\/stakleno-krov-3-600x900.jpg 600w\" sizes=\"auto, (max-width: 716px) 100vw, 716px\" \/> <img loading=\"lazy\" decoding=\"async\" class=\"alignnone size-full wp-image-275\" src=\"https:\/\/aluminij-gradjenje.hr\/wp-content\/uploads\/2025\/09\/stakleno-krov-2.jpg\" alt=\"\" width=\"735\" height=\"1198\" srcset=\"https:\/\/aluminij-gradjenje.hr\/wp-content\/uploads\/2025\/09\/stakleno-krov-2.jpg 735w, https:\/\/aluminij-gradjenje.hr\/wp-content\/uploads\/2025\/09\/stakleno-krov-2-184x300.jpg 184w, https:\/\/aluminij-gradjenje.hr\/wp-content\/uploads\/2025\/09\/stakleno-krov-2-628x1024.jpg 628w, https:\/\/aluminij-gradjenje.hr\/wp-content\/uploads\/2025\/09\/stakleno-krov-2-258x420.jpg 258w, https:\/\/aluminij-gradjenje.hr\/wp-content\/uploads\/2025\/09\/stakleno-krov-2-150x244.jpg 150w, https:\/\/aluminij-gradjenje.hr\/wp-content\/uploads\/2025\/09\/stakleno-krov-2-300x489.jpg 300w, https:\/\/aluminij-gradjenje.hr\/wp-content\/uploads\/2025\/09\/stakleno-krov-2-696x1134.jpg 696w, https:\/\/aluminij-gradjenje.hr\/wp-content\/uploads\/2025\/09\/stakleno-krov-2-600x978.jpg 600w\" sizes=\"auto, (max-width: 735px) 100vw, 735px\" \/> <img loading=\"lazy\" decoding=\"async\" class=\"alignnone size-full wp-image-276\" src=\"https:\/\/aluminij-gradjenje.hr\/wp-content\/uploads\/2025\/09\/Stakleni-krov.jpg\" alt=\"\" width=\"800\" height=\"1066\" srcset=\"https:\/\/aluminij-gradjenje.hr\/wp-content\/uploads\/2025\/09\/Stakleni-krov.jpg 800w, https:\/\/aluminij-gradjenje.hr\/wp-content\/uploads\/2025\/09\/Stakleni-krov-225x300.jpg 225w, https:\/\/aluminij-gradjenje.hr\/wp-content\/uploads\/2025\/09\/Stakleni-krov-768x1023.jpg 768w, https:\/\/aluminij-gradjenje.hr\/wp-content\/uploads\/2025\/09\/Stakleni-krov-315x420.jpg 315w, https:\/\/aluminij-gradjenje.hr\/wp-content\/uploads\/2025\/09\/Stakleni-krov-150x200.jpg 150w, https:\/\/aluminij-gradjenje.hr\/wp-content\/uploads\/2025\/09\/Stakleni-krov-300x400.jpg 300w, https:\/\/aluminij-gradjenje.hr\/wp-content\/uploads\/2025\/09\/Stakleni-krov-696x927.jpg 696w, https:\/\/aluminij-gradjenje.hr\/wp-content\/uploads\/2025\/09\/Stakleni-krov-600x800.jpg 600w\" sizes=\"auto, (max-width: 800px) 100vw, 800px\" \/><\/p>\n<p>&nbsp;<\/p>\n","protected":false},"excerpt":{"rendered":"<p>Staklo je kroz stolje\u0107a jedan od naj\u010de\u0161\u0107e kori\u0161tenih i \u0161iroko rasprostranjenih materijala. Zahvaljuju\u0107i dana\u0161njim tehnologijama u mogu\u0107nosti smo ponuditi \u0161iroku paletu proizvoda, raznih boja oblika i dimenzija. Tako\u0111er u dana\u0161nje vrijeme popularni i sve vi\u0161e kori\u0161ten print na staklu upotrebljava se u raznim situacijama (kuhinje, kupaonice, poslovni objekti i sli\u010dno). Staklene ograde su sve \u010de\u0161\u0107e [&hellip;]<\/p>\n","protected":false},"author":1,"featured_media":219,"comment_status":"open","ping_status":"open","sticky":false,"template":"","format":"standard","meta":{"footnotes":""},"categories":[50],"tags":[],"class_list":{"0":"post-268","1":"post","2":"type-post","3":"status-publish","4":"format-standard","5":"has-post-thumbnail","7":"category-staklo"},"yoast_head":"<!-- This site is optimized with the Yoast SEO plugin v27.5 - https:\/\/yoast.com\/product\/yoast-seo-wordpress\/ -->\n<title>STAKLO - Aluminij gra\u0111enje<\/title>\n<meta name=\"robots\" content=\"index, follow, max-snippet:-1, max-image-preview:large, max-video-preview:-1\" \/>\n<link rel=\"canonical\" href=\"https:\/\/aluminij-gradjenje.hr\/index.php\/2025\/09\/16\/staklo\/\" \/>\n<meta property=\"og:locale\" content=\"hr_HR\" \/>\n<meta property=\"og:type\" content=\"article\" \/>\n<meta property=\"og:title\" content=\"STAKLO - Aluminij gra\u0111enje\" \/>\n<meta property=\"og:description\" content=\"Staklo je kroz stolje\u0107a jedan od naj\u010de\u0161\u0107e kori\u0161tenih i \u0161iroko rasprostranjenih materijala. Zahvaljuju\u0107i dana\u0161njim tehnologijama u mogu\u0107nosti smo ponuditi \u0161iroku paletu proizvoda, raznih boja oblika i dimenzija. Tako\u0111er u dana\u0161nje vrijeme popularni i sve vi\u0161e kori\u0161ten print na staklu upotrebljava se u raznim situacijama (kuhinje, kupaonice, poslovni objekti i sli\u010dno). Staklene ograde su sve \u010de\u0161\u0107e [&hellip;]\" \/>\n<meta property=\"og:url\" content=\"https:\/\/aluminij-gradjenje.hr\/index.php\/2025\/09\/16\/staklo\/\" \/>\n<meta property=\"og:site_name\" content=\"Aluminij gra\u0111enje\" \/>\n<meta property=\"article:published_time\" content=\"2025-09-16T14:46:52+00:00\" \/>\n<meta property=\"article:modified_time\" content=\"2025-09-21T17:49:17+00:00\" \/>\n<meta property=\"og:image\" content=\"https:\/\/aluminij-gradjenje.hr\/wp-content\/uploads\/2025\/09\/6dfe7c6311da8077e935d61d716bfcba-1.jpg\" \/>\n\t<meta property=\"og:image:width\" content=\"735\" \/>\n\t<meta property=\"og:image:height\" content=\"915\" \/>\n\t<meta property=\"og:image:type\" content=\"image\/jpeg\" \/>\n<meta name=\"author\" content=\"Administrator\" \/>\n<meta name=\"twitter:card\" content=\"summary_large_image\" \/>\n<meta name=\"twitter:label1\" content=\"Napisao\/la\" \/>\n\t<meta name=\"twitter:data1\" content=\"Administrator\" \/>\n\t<meta name=\"twitter:label2\" content=\"Procijenjeno vrijeme \u010ditanja\" \/>\n\t<meta name=\"twitter:data2\" content=\"3 minute\" \/>\n<script type=\"application\/ld+json\" class=\"yoast-schema-graph\">{\"@context\":\"https:\\\/\\\/schema.org\",\"@graph\":[{\"@type\":\"Article\",\"@id\":\"https:\\\/\\\/aluminij-gradjenje.hr\\\/index.php\\\/2025\\\/09\\\/16\\\/staklo\\\/#article\",\"isPartOf\":{\"@id\":\"https:\\\/\\\/aluminij-gradjenje.hr\\\/index.php\\\/2025\\\/09\\\/16\\\/staklo\\\/\"},\"author\":{\"name\":\"Administrator\",\"@id\":\"https:\\\/\\\/aluminij-gradjenje.hr\\\/#\\\/schema\\\/person\\\/23efc0d75e4a048b66ef82629253a25d\"},\"headline\":\"STAKLO\",\"datePublished\":\"2025-09-16T14:46:52+00:00\",\"dateModified\":\"2025-09-21T17:49:17+00:00\",\"mainEntityOfPage\":{\"@id\":\"https:\\\/\\\/aluminij-gradjenje.hr\\\/index.php\\\/2025\\\/09\\\/16\\\/staklo\\\/\"},\"wordCount\":552,\"commentCount\":0,\"image\":{\"@id\":\"https:\\\/\\\/aluminij-gradjenje.hr\\\/index.php\\\/2025\\\/09\\\/16\\\/staklo\\\/#primaryimage\"},\"thumbnailUrl\":\"https:\\\/\\\/aluminij-gradjenje.hr\\\/wp-content\\\/uploads\\\/2025\\\/09\\\/6dfe7c6311da8077e935d61d716bfcba-1.jpg\",\"articleSection\":[\"Staklo\"],\"inLanguage\":\"hr\"},{\"@type\":\"WebPage\",\"@id\":\"https:\\\/\\\/aluminij-gradjenje.hr\\\/index.php\\\/2025\\\/09\\\/16\\\/staklo\\\/\",\"url\":\"https:\\\/\\\/aluminij-gradjenje.hr\\\/index.php\\\/2025\\\/09\\\/16\\\/staklo\\\/\",\"name\":\"STAKLO - Aluminij gra\u0111enje\",\"isPartOf\":{\"@id\":\"https:\\\/\\\/aluminij-gradjenje.hr\\\/#website\"},\"primaryImageOfPage\":{\"@id\":\"https:\\\/\\\/aluminij-gradjenje.hr\\\/index.php\\\/2025\\\/09\\\/16\\\/staklo\\\/#primaryimage\"},\"image\":{\"@id\":\"https:\\\/\\\/aluminij-gradjenje.hr\\\/index.php\\\/2025\\\/09\\\/16\\\/staklo\\\/#primaryimage\"},\"thumbnailUrl\":\"https:\\\/\\\/aluminij-gradjenje.hr\\\/wp-content\\\/uploads\\\/2025\\\/09\\\/6dfe7c6311da8077e935d61d716bfcba-1.jpg\",\"datePublished\":\"2025-09-16T14:46:52+00:00\",\"dateModified\":\"2025-09-21T17:49:17+00:00\",\"author\":{\"@id\":\"https:\\\/\\\/aluminij-gradjenje.hr\\\/#\\\/schema\\\/person\\\/23efc0d75e4a048b66ef82629253a25d\"},\"breadcrumb\":{\"@id\":\"https:\\\/\\\/aluminij-gradjenje.hr\\\/index.php\\\/2025\\\/09\\\/16\\\/staklo\\\/#breadcrumb\"},\"inLanguage\":\"hr\",\"potentialAction\":[{\"@type\":\"ReadAction\",\"target\":[\"https:\\\/\\\/aluminij-gradjenje.hr\\\/index.php\\\/2025\\\/09\\\/16\\\/staklo\\\/\"]}]},{\"@type\":\"ImageObject\",\"inLanguage\":\"hr\",\"@id\":\"https:\\\/\\\/aluminij-gradjenje.hr\\\/index.php\\\/2025\\\/09\\\/16\\\/staklo\\\/#primaryimage\",\"url\":\"https:\\\/\\\/aluminij-gradjenje.hr\\\/wp-content\\\/uploads\\\/2025\\\/09\\\/6dfe7c6311da8077e935d61d716bfcba-1.jpg\",\"contentUrl\":\"https:\\\/\\\/aluminij-gradjenje.hr\\\/wp-content\\\/uploads\\\/2025\\\/09\\\/6dfe7c6311da8077e935d61d716bfcba-1.jpg\",\"width\":735,\"height\":915},{\"@type\":\"BreadcrumbList\",\"@id\":\"https:\\\/\\\/aluminij-gradjenje.hr\\\/index.php\\\/2025\\\/09\\\/16\\\/staklo\\\/#breadcrumb\",\"itemListElement\":[{\"@type\":\"ListItem\",\"position\":1,\"name\":\"Po\u010detna stranica\",\"item\":\"https:\\\/\\\/aluminij-gradjenje.hr\\\/\"},{\"@type\":\"ListItem\",\"position\":2,\"name\":\"STAKLO\"}]},{\"@type\":\"WebSite\",\"@id\":\"https:\\\/\\\/aluminij-gradjenje.hr\\\/#website\",\"url\":\"https:\\\/\\\/aluminij-gradjenje.hr\\\/\",\"name\":\"Aluminij gra\u0111enje\",\"description\":\"\",\"potentialAction\":[{\"@type\":\"SearchAction\",\"target\":{\"@type\":\"EntryPoint\",\"urlTemplate\":\"https:\\\/\\\/aluminij-gradjenje.hr\\\/?s={search_term_string}\"},\"query-input\":{\"@type\":\"PropertyValueSpecification\",\"valueRequired\":true,\"valueName\":\"search_term_string\"}}],\"inLanguage\":\"hr\"},{\"@type\":\"Person\",\"@id\":\"https:\\\/\\\/aluminij-gradjenje.hr\\\/#\\\/schema\\\/person\\\/23efc0d75e4a048b66ef82629253a25d\",\"name\":\"Administrator\",\"image\":{\"@type\":\"ImageObject\",\"inLanguage\":\"hr\",\"@id\":\"https:\\\/\\\/secure.gravatar.com\\\/avatar\\\/5fdda66b914c7a04e236bef77242d83e804076a44345bff6f9fb77a63aac1475?s=96&d=mm&r=g\",\"url\":\"https:\\\/\\\/secure.gravatar.com\\\/avatar\\\/5fdda66b914c7a04e236bef77242d83e804076a44345bff6f9fb77a63aac1475?s=96&d=mm&r=g\",\"contentUrl\":\"https:\\\/\\\/secure.gravatar.com\\\/avatar\\\/5fdda66b914c7a04e236bef77242d83e804076a44345bff6f9fb77a63aac1475?s=96&d=mm&r=g\",\"caption\":\"Administrator\"},\"sameAs\":[\"https:\\\/\\\/aluminij-gradjenje.hr\"],\"url\":\"https:\\\/\\\/aluminij-gradjenje.hr\\\/index.php\\\/author\\\/administrator\\\/\"}]}<\/script>\n<!-- \/ Yoast SEO plugin. -->","yoast_head_json":{"title":"STAKLO - Aluminij gra\u0111enje","robots":{"index":"index","follow":"follow","max-snippet":"max-snippet:-1","max-image-preview":"max-image-preview:large","max-video-preview":"max-video-preview:-1"},"canonical":"https:\/\/aluminij-gradjenje.hr\/index.php\/2025\/09\/16\/staklo\/","og_locale":"hr_HR","og_type":"article","og_title":"STAKLO - Aluminij gra\u0111enje","og_description":"Staklo je kroz stolje\u0107a jedan od naj\u010de\u0161\u0107e kori\u0161tenih i \u0161iroko rasprostranjenih materijala. Zahvaljuju\u0107i dana\u0161njim tehnologijama u mogu\u0107nosti smo ponuditi \u0161iroku paletu proizvoda, raznih boja oblika i dimenzija. Tako\u0111er u dana\u0161nje vrijeme popularni i sve vi\u0161e kori\u0161ten print na staklu upotrebljava se u raznim situacijama (kuhinje, kupaonice, poslovni objekti i sli\u010dno). Staklene ograde su sve \u010de\u0161\u0107e [&hellip;]","og_url":"https:\/\/aluminij-gradjenje.hr\/index.php\/2025\/09\/16\/staklo\/","og_site_name":"Aluminij gra\u0111enje","article_published_time":"2025-09-16T14:46:52+00:00","article_modified_time":"2025-09-21T17:49:17+00:00","og_image":[{"width":735,"height":915,"url":"https:\/\/aluminij-gradjenje.hr\/wp-content\/uploads\/2025\/09\/6dfe7c6311da8077e935d61d716bfcba-1.jpg","type":"image\/jpeg"}],"author":"Administrator","twitter_card":"summary_large_image","twitter_misc":{"Napisao\/la":"Administrator","Procijenjeno vrijeme \u010ditanja":"3 minute"},"schema":{"@context":"https:\/\/schema.org","@graph":[{"@type":"Article","@id":"https:\/\/aluminij-gradjenje.hr\/index.php\/2025\/09\/16\/staklo\/#article","isPartOf":{"@id":"https:\/\/aluminij-gradjenje.hr\/index.php\/2025\/09\/16\/staklo\/"},"author":{"name":"Administrator","@id":"https:\/\/aluminij-gradjenje.hr\/#\/schema\/person\/23efc0d75e4a048b66ef82629253a25d"},"headline":"STAKLO","datePublished":"2025-09-16T14:46:52+00:00","dateModified":"2025-09-21T17:49:17+00:00","mainEntityOfPage":{"@id":"https:\/\/aluminij-gradjenje.hr\/index.php\/2025\/09\/16\/staklo\/"},"wordCount":552,"commentCount":0,"image":{"@id":"https:\/\/aluminij-gradjenje.hr\/index.php\/2025\/09\/16\/staklo\/#primaryimage"},"thumbnailUrl":"https:\/\/aluminij-gradjenje.hr\/wp-content\/uploads\/2025\/09\/6dfe7c6311da8077e935d61d716bfcba-1.jpg","articleSection":["Staklo"],"inLanguage":"hr"},{"@type":"WebPage","@id":"https:\/\/aluminij-gradjenje.hr\/index.php\/2025\/09\/16\/staklo\/","url":"https:\/\/aluminij-gradjenje.hr\/index.php\/2025\/09\/16\/staklo\/","name":"STAKLO - Aluminij gra\u0111enje","isPartOf":{"@id":"https:\/\/aluminij-gradjenje.hr\/#website"},"primaryImageOfPage":{"@id":"https:\/\/aluminij-gradjenje.hr\/index.php\/2025\/09\/16\/staklo\/#primaryimage"},"image":{"@id":"https:\/\/aluminij-gradjenje.hr\/index.php\/2025\/09\/16\/staklo\/#primaryimage"},"thumbnailUrl":"https:\/\/aluminij-gradjenje.hr\/wp-content\/uploads\/2025\/09\/6dfe7c6311da8077e935d61d716bfcba-1.jpg","datePublished":"2025-09-16T14:46:52+00:00","dateModified":"2025-09-21T17:49:17+00:00","author":{"@id":"https:\/\/aluminij-gradjenje.hr\/#\/schema\/person\/23efc0d75e4a048b66ef82629253a25d"},"breadcrumb":{"@id":"https:\/\/aluminij-gradjenje.hr\/index.php\/2025\/09\/16\/staklo\/#breadcrumb"},"inLanguage":"hr","potentialAction":[{"@type":"ReadAction","target":["https:\/\/aluminij-gradjenje.hr\/index.php\/2025\/09\/16\/staklo\/"]}]},{"@type":"ImageObject","inLanguage":"hr","@id":"https:\/\/aluminij-gradjenje.hr\/index.php\/2025\/09\/16\/staklo\/#primaryimage","url":"https:\/\/aluminij-gradjenje.hr\/wp-content\/uploads\/2025\/09\/6dfe7c6311da8077e935d61d716bfcba-1.jpg","contentUrl":"https:\/\/aluminij-gradjenje.hr\/wp-content\/uploads\/2025\/09\/6dfe7c6311da8077e935d61d716bfcba-1.jpg","width":735,"height":915},{"@type":"BreadcrumbList","@id":"https:\/\/aluminij-gradjenje.hr\/index.php\/2025\/09\/16\/staklo\/#breadcrumb","itemListElement":[{"@type":"ListItem","position":1,"name":"Po\u010detna stranica","item":"https:\/\/aluminij-gradjenje.hr\/"},{"@type":"ListItem","position":2,"name":"STAKLO"}]},{"@type":"WebSite","@id":"https:\/\/aluminij-gradjenje.hr\/#website","url":"https:\/\/aluminij-gradjenje.hr\/","name":"Aluminij gra\u0111enje","description":"","potentialAction":[{"@type":"SearchAction","target":{"@type":"EntryPoint","urlTemplate":"https:\/\/aluminij-gradjenje.hr\/?s={search_term_string}"},"query-input":{"@type":"PropertyValueSpecification","valueRequired":true,"valueName":"search_term_string"}}],"inLanguage":"hr"},{"@type":"Person","@id":"https:\/\/aluminij-gradjenje.hr\/#\/schema\/person\/23efc0d75e4a048b66ef82629253a25d","name":"Administrator","image":{"@type":"ImageObject","inLanguage":"hr","@id":"https:\/\/secure.gravatar.com\/avatar\/5fdda66b914c7a04e236bef77242d83e804076a44345bff6f9fb77a63aac1475?s=96&d=mm&r=g","url":"https:\/\/secure.gravatar.com\/avatar\/5fdda66b914c7a04e236bef77242d83e804076a44345bff6f9fb77a63aac1475?s=96&d=mm&r=g","contentUrl":"https:\/\/secure.gravatar.com\/avatar\/5fdda66b914c7a04e236bef77242d83e804076a44345bff6f9fb77a63aac1475?s=96&d=mm&r=g","caption":"Administrator"},"sameAs":["https:\/\/aluminij-gradjenje.hr"],"url":"https:\/\/aluminij-gradjenje.hr\/index.php\/author\/administrator\/"}]}},"_links":{"self":[{"href":"https:\/\/aluminij-gradjenje.hr\/index.php\/wp-json\/wp\/v2\/posts\/268","targetHints":{"allow":["GET"]}}],"collection":[{"href":"https:\/\/aluminij-gradjenje.hr\/index.php\/wp-json\/wp\/v2\/posts"}],"about":[{"href":"https:\/\/aluminij-gradjenje.hr\/index.php\/wp-json\/wp\/v2\/types\/post"}],"author":[{"embeddable":true,"href":"https:\/\/aluminij-gradjenje.hr\/index.php\/wp-json\/wp\/v2\/users\/1"}],"replies":[{"embeddable":true,"href":"https:\/\/aluminij-gradjenje.hr\/index.php\/wp-json\/wp\/v2\/comments?post=268"}],"version-history":[{"count":3,"href":"https:\/\/aluminij-gradjenje.hr\/index.php\/wp-json\/wp\/v2\/posts\/268\/revisions"}],"predecessor-version":[{"id":814,"href":"https:\/\/aluminij-gradjenje.hr\/index.php\/wp-json\/wp\/v2\/posts\/268\/revisions\/814"}],"wp:featuredmedia":[{"embeddable":true,"href":"https:\/\/aluminij-gradjenje.hr\/index.php\/wp-json\/wp\/v2\/media\/219"}],"wp:attachment":[{"href":"https:\/\/aluminij-gradjenje.hr\/index.php\/wp-json\/wp\/v2\/media?parent=268"}],"wp:term":[{"taxonomy":"category","embeddable":true,"href":"https:\/\/aluminij-gradjenje.hr\/index.php\/wp-json\/wp\/v2\/categories?post=268"},{"taxonomy":"post_tag","embeddable":true,"href":"https:\/\/aluminij-gradjenje.hr\/index.php\/wp-json\/wp\/v2\/tags?post=268"}],"curies":[{"name":"wp","href":"https:\/\/api.w.org\/{rel}","templated":true}]}}