{"id":329,"date":"2025-09-18T20:33:29","date_gmt":"2025-09-18T18:33:29","guid":{"rendered":"https:\/\/aluminij-gradjenje.hr\/?p=329"},"modified":"2025-09-18T20:34:23","modified_gmt":"2025-09-18T18:34:23","slug":"ventilacija-prostorija","status":"publish","type":"post","link":"https:\/\/aluminij-gradjenje.hr\/index.php\/2025\/09\/18\/ventilacija-prostorija\/","title":{"rendered":"Ventilacija prostorija"},"content":{"rendered":"<div class=\"uk-grid tm-grid-expand uk-grid-margin uk-margin-remove-bottom\">\n<div class=\"uk-grid-item-match uk-flex-middle uk-width-2-5@m uk-first-column\">\n<div class=\"uk-panel uk-width-1-1\">\n<div class=\"uk-panel uk-margin\">\n<p><span dir=\"auto\">Ku\u0107e, i novoizgra\u0111ene i one koje se renoviraju, sve su vi\u0161e usmjerene na energetsku u\u010dinkovitost. U hladnijim mjesecima, u kombinaciji s \u0161tedljivom upotrebom grijanja, mo\u017ee do\u0107i do kondenzacije i vlage.\u00a0\u00a0 \u00a0\u00a0\u00a0 \u00a0\u00a0\u00a0 \u00a0\u00a0\u00a0 \u00a0\u00a0\u00a0 \u00a0\u00a0\u00a0 \u00a0\u00a0\u00a0 \u00a0<\/span><\/p>\n<p><span dir=\"auto\">Vla\u017enost u zatvorenim prostorima uzrokovana je vi\u0161estrukim \u010dimbenicima, poput disanja, isparavanja iz kupaonice, isparavanja iz kuhinje, biljaka i tako dalje.<\/span><\/p>\n<p><span dir=\"auto\">Procjenjuje se da osoba proizvodi preko 2 litre vode dnevno. Topli unutarnji zrak bogat je vlagom i, zbog fizi\u010dkih \u010dimbenika, talo\u017ei se u najhladnijem dijelu prostorije, \u0161to dovodi do kondenzacije i plijesni.<\/span><\/p>\n<p><strong><span dir=\"auto\">Stoga je s novim prozorima i vratima bitno prozra\u010diti prostorije barem jednom dnevno 10-15 minuta, po mogu\u0107nosti ujutro s potpuno otvorenim prozorom.<\/span><\/strong><\/p>\n<p><span dir=\"auto\">Na taj na\u010din se unutarnje pare osloba\u0111aju bez hla\u0111enja zidova i namje\u0161taja.<\/span><\/p>\n<\/div>\n<\/div>\n<\/div>\n<div class=\"uk-width-3-5@m\">\n<div class=\"uk-margin uk-margin-remove-top\"><picture><source srcset=\"\/templates\/yootheme\/cache\/62\/ventilazione-locali-62fc2f99.webp 768w, \/templates\/yootheme\/cache\/3f\/ventilazione-locali-3fd7fe7d.webp 800w\" type=\"image\/webp\" sizes=\"(min-width: 800px) 800px\" \/>Tijekom zime, ventilacija kroz okretno-otklopni prozor se ne preporu\u010duje u najvla\u017enijim prostorijama, poput kupaonice, spava\u0107e sobe i kuhinje. \u010cak i najmanji otvor sprje\u010dava brzo izla\u017eenje vlage, pa bi prozor trebalo ostaviti otvorenim puno dulje. To bi uzrokovalo hla\u0111enje zidova u blizini otvora, \u0161to bi rezultiralo rastom plijesni.<\/picture><\/div>\n<div><\/div>\n<\/div>\n<\/div>\n<blockquote><p>Za\u0161to se zamagljuju vanjska stakla?<\/p><\/blockquote>\n<div class=\"uk-panel uk-margin\">\n<p><span dir=\"auto\">Staklo s visokom toplinskom propusno\u0161\u0107u smanjuje prolaz energije iznutra prema van; \u0161to je ni\u017ea Ug vrijednost stakla, to je manji gubitak topline. To zna\u010di da je vanjsko staklo zimi hladno. Kada se prozor otvori, unutarnja vlaga koja izlazi obi\u010dno se talo\u017ei na hladnom staklu, zamagljuju\u0107i staklo. Ako je visoka vanjska vla\u017enost, vanjsko staklo se mo\u017ee zamagliti, opet zbog toga \u0161to se vanjsko staklo ne zagrijava unutarnjom energijom. Ove pojave ukazuju na visoko izolacijsko staklo i ne uzrokuju nedostatke.<\/span><\/p>\n<\/div>\n<blockquote><p>Za\u0161to nisam imao visoku vla\u017enost u sobama sa starim prozorima?<\/p><\/blockquote>\n<div class=\"uk-panel uk-margin\">\n<p><span dir=\"auto\">Stari prozori su imali stalan propuh, \u0161to je prisiljavalo stalnu cirkulaciju zraka. Novi prozori, zahvaljuju\u0107i svojoj visokoj hermeti\u010dnosti, sprje\u010davaju cirkulaciju zraka osim ako se prozori ne otvore.\u00a0\u00a0\u00a0<\/span><\/p>\n<\/div>\n<blockquote><p>Kako se manifestira termi\u010dki lom stakla?<\/p><\/blockquote>\n<div class=\"uk-panel uk-margin\">\n<p><span dir=\"auto\">Ako je staklena plo\u010da izlo\u017eena zna\u010dajnoj temperaturnoj razlici, mo\u017ee se slomiti. Naj\u010de\u0161\u0107i uzroci toplinskih razlika u plo\u010di su: djelomi\u010dno zasjenjenje uzrokovano suncobranima, postoje\u0107e sjene poput zgrada ili drve\u0107a, prisutnost obojenih ljepljivih folija nanesenih na staklo ili tamni predmeti postavljeni neposredno iza stakla. Ovi uzroci uzrokuju da dio staklene povr\u0161ine izlo\u017een suncu ima jednu temperaturu, dok zasjenjeni dio ima drugu, \u0161to mijenja toplinsko \u0161irenje stakla, uzrokuju\u0107i njegovo lomljenje.<\/span><\/p>\n<\/div>\n","protected":false},"excerpt":{"rendered":"<p>Ku\u0107e, i novoizgra\u0111ene i one koje se renoviraju, sve su vi\u0161e usmjerene na energetsku u\u010dinkovitost. U hladnijim mjesecima, u kombinaciji s \u0161tedljivom upotrebom grijanja, mo\u017ee do\u0107i do kondenzacije i vlage.\u00a0\u00a0 \u00a0\u00a0\u00a0 \u00a0\u00a0\u00a0 \u00a0\u00a0\u00a0 \u00a0\u00a0\u00a0 \u00a0\u00a0\u00a0 \u00a0\u00a0\u00a0 \u00a0 Vla\u017enost u zatvorenim prostorima uzrokovana je vi\u0161estrukim \u010dimbenicima, poput disanja, isparavanja iz kupaonice, isparavanja iz kuhinje, biljaka i [&hellip;]<\/p>\n","protected":false},"author":1,"featured_media":331,"comment_status":"open","ping_status":"open","sticky":false,"template":"","format":"standard","meta":{"footnotes":""},"categories":[57],"tags":[],"class_list":{"0":"post-329","1":"post","2":"type-post","3":"status-publish","4":"format-standard","5":"has-post-thumbnail","7":"category-servis-i-odrzavanje"},"yoast_head":"<!-- This site is optimized with the Yoast SEO plugin v27.5 - https:\/\/yoast.com\/product\/yoast-seo-wordpress\/ -->\n<title>Ventilacija prostorija - Aluminij gra\u0111enje<\/title>\n<meta name=\"robots\" content=\"index, follow, max-snippet:-1, max-image-preview:large, max-video-preview:-1\" \/>\n<link rel=\"canonical\" href=\"https:\/\/aluminij-gradjenje.hr\/index.php\/2025\/09\/18\/ventilacija-prostorija\/\" \/>\n<meta property=\"og:locale\" content=\"hr_HR\" \/>\n<meta property=\"og:type\" content=\"article\" \/>\n<meta property=\"og:title\" content=\"Ventilacija prostorija - Aluminij gra\u0111enje\" \/>\n<meta property=\"og:description\" content=\"Ku\u0107e, i novoizgra\u0111ene i one koje se renoviraju, sve su vi\u0161e usmjerene na energetsku u\u010dinkovitost. U hladnijim mjesecima, u kombinaciji s \u0161tedljivom upotrebom grijanja, mo\u017ee do\u0107i do kondenzacije i vlage.\u00a0\u00a0 \u00a0\u00a0\u00a0 \u00a0\u00a0\u00a0 \u00a0\u00a0\u00a0 \u00a0\u00a0\u00a0 \u00a0\u00a0\u00a0 \u00a0\u00a0\u00a0 \u00a0 Vla\u017enost u zatvorenim prostorima uzrokovana je vi\u0161estrukim \u010dimbenicima, poput disanja, isparavanja iz kupaonice, isparavanja iz kuhinje, biljaka i [&hellip;]\" \/>\n<meta property=\"og:url\" content=\"https:\/\/aluminij-gradjenje.hr\/index.php\/2025\/09\/18\/ventilacija-prostorija\/\" \/>\n<meta property=\"og:site_name\" content=\"Aluminij gra\u0111enje\" \/>\n<meta property=\"article:published_time\" content=\"2025-09-18T18:33:29+00:00\" \/>\n<meta property=\"article:modified_time\" content=\"2025-09-18T18:34:23+00:00\" \/>\n<meta property=\"og:image\" content=\"https:\/\/aluminij-gradjenje.hr\/wp-content\/uploads\/2025\/09\/Aluminij-gradenje-Servis-3.webp\" \/>\n\t<meta property=\"og:image:width\" content=\"800\" \/>\n\t<meta property=\"og:image:height\" content=\"600\" \/>\n\t<meta property=\"og:image:type\" content=\"image\/webp\" \/>\n<meta name=\"author\" content=\"Administrator\" \/>\n<meta name=\"twitter:card\" content=\"summary_large_image\" \/>\n<meta name=\"twitter:label1\" content=\"Napisao\/la\" \/>\n\t<meta name=\"twitter:data1\" content=\"Administrator\" \/>\n\t<meta name=\"twitter:label2\" content=\"Procijenjeno vrijeme \u010ditanja\" \/>\n\t<meta name=\"twitter:data2\" content=\"2 minute\" \/>\n<script type=\"application\/ld+json\" class=\"yoast-schema-graph\">{\"@context\":\"https:\\\/\\\/schema.org\",\"@graph\":[{\"@type\":\"Article\",\"@id\":\"https:\\\/\\\/aluminij-gradjenje.hr\\\/index.php\\\/2025\\\/09\\\/18\\\/ventilacija-prostorija\\\/#article\",\"isPartOf\":{\"@id\":\"https:\\\/\\\/aluminij-gradjenje.hr\\\/index.php\\\/2025\\\/09\\\/18\\\/ventilacija-prostorija\\\/\"},\"author\":{\"name\":\"Administrator\",\"@id\":\"https:\\\/\\\/aluminij-gradjenje.hr\\\/#\\\/schema\\\/person\\\/23efc0d75e4a048b66ef82629253a25d\"},\"headline\":\"Ventilacija prostorija\",\"datePublished\":\"2025-09-18T18:33:29+00:00\",\"dateModified\":\"2025-09-18T18:34:23+00:00\",\"mainEntityOfPage\":{\"@id\":\"https:\\\/\\\/aluminij-gradjenje.hr\\\/index.php\\\/2025\\\/09\\\/18\\\/ventilacija-prostorija\\\/\"},\"wordCount\":407,\"commentCount\":0,\"image\":{\"@id\":\"https:\\\/\\\/aluminij-gradjenje.hr\\\/index.php\\\/2025\\\/09\\\/18\\\/ventilacija-prostorija\\\/#primaryimage\"},\"thumbnailUrl\":\"https:\\\/\\\/aluminij-gradjenje.hr\\\/wp-content\\\/uploads\\\/2025\\\/09\\\/Aluminij-gradenje-Servis-3.webp\",\"articleSection\":[\"Servis i odr\u017eavanje\"],\"inLanguage\":\"hr\"},{\"@type\":\"WebPage\",\"@id\":\"https:\\\/\\\/aluminij-gradjenje.hr\\\/index.php\\\/2025\\\/09\\\/18\\\/ventilacija-prostorija\\\/\",\"url\":\"https:\\\/\\\/aluminij-gradjenje.hr\\\/index.php\\\/2025\\\/09\\\/18\\\/ventilacija-prostorija\\\/\",\"name\":\"Ventilacija prostorija - Aluminij gra\u0111enje\",\"isPartOf\":{\"@id\":\"https:\\\/\\\/aluminij-gradjenje.hr\\\/#website\"},\"primaryImageOfPage\":{\"@id\":\"https:\\\/\\\/aluminij-gradjenje.hr\\\/index.php\\\/2025\\\/09\\\/18\\\/ventilacija-prostorija\\\/#primaryimage\"},\"image\":{\"@id\":\"https:\\\/\\\/aluminij-gradjenje.hr\\\/index.php\\\/2025\\\/09\\\/18\\\/ventilacija-prostorija\\\/#primaryimage\"},\"thumbnailUrl\":\"https:\\\/\\\/aluminij-gradjenje.hr\\\/wp-content\\\/uploads\\\/2025\\\/09\\\/Aluminij-gradenje-Servis-3.webp\",\"datePublished\":\"2025-09-18T18:33:29+00:00\",\"dateModified\":\"2025-09-18T18:34:23+00:00\",\"author\":{\"@id\":\"https:\\\/\\\/aluminij-gradjenje.hr\\\/#\\\/schema\\\/person\\\/23efc0d75e4a048b66ef82629253a25d\"},\"breadcrumb\":{\"@id\":\"https:\\\/\\\/aluminij-gradjenje.hr\\\/index.php\\\/2025\\\/09\\\/18\\\/ventilacija-prostorija\\\/#breadcrumb\"},\"inLanguage\":\"hr\",\"potentialAction\":[{\"@type\":\"ReadAction\",\"target\":[\"https:\\\/\\\/aluminij-gradjenje.hr\\\/index.php\\\/2025\\\/09\\\/18\\\/ventilacija-prostorija\\\/\"]}]},{\"@type\":\"ImageObject\",\"inLanguage\":\"hr\",\"@id\":\"https:\\\/\\\/aluminij-gradjenje.hr\\\/index.php\\\/2025\\\/09\\\/18\\\/ventilacija-prostorija\\\/#primaryimage\",\"url\":\"https:\\\/\\\/aluminij-gradjenje.hr\\\/wp-content\\\/uploads\\\/2025\\\/09\\\/Aluminij-gradenje-Servis-3.webp\",\"contentUrl\":\"https:\\\/\\\/aluminij-gradjenje.hr\\\/wp-content\\\/uploads\\\/2025\\\/09\\\/Aluminij-gradenje-Servis-3.webp\",\"width\":800,\"height\":600},{\"@type\":\"BreadcrumbList\",\"@id\":\"https:\\\/\\\/aluminij-gradjenje.hr\\\/index.php\\\/2025\\\/09\\\/18\\\/ventilacija-prostorija\\\/#breadcrumb\",\"itemListElement\":[{\"@type\":\"ListItem\",\"position\":1,\"name\":\"Po\u010detna stranica\",\"item\":\"https:\\\/\\\/aluminij-gradjenje.hr\\\/\"},{\"@type\":\"ListItem\",\"position\":2,\"name\":\"Ventilacija prostorija\"}]},{\"@type\":\"WebSite\",\"@id\":\"https:\\\/\\\/aluminij-gradjenje.hr\\\/#website\",\"url\":\"https:\\\/\\\/aluminij-gradjenje.hr\\\/\",\"name\":\"Aluminij gra\u0111enje\",\"description\":\"\",\"potentialAction\":[{\"@type\":\"SearchAction\",\"target\":{\"@type\":\"EntryPoint\",\"urlTemplate\":\"https:\\\/\\\/aluminij-gradjenje.hr\\\/?s={search_term_string}\"},\"query-input\":{\"@type\":\"PropertyValueSpecification\",\"valueRequired\":true,\"valueName\":\"search_term_string\"}}],\"inLanguage\":\"hr\"},{\"@type\":\"Person\",\"@id\":\"https:\\\/\\\/aluminij-gradjenje.hr\\\/#\\\/schema\\\/person\\\/23efc0d75e4a048b66ef82629253a25d\",\"name\":\"Administrator\",\"image\":{\"@type\":\"ImageObject\",\"inLanguage\":\"hr\",\"@id\":\"https:\\\/\\\/secure.gravatar.com\\\/avatar\\\/5fdda66b914c7a04e236bef77242d83e804076a44345bff6f9fb77a63aac1475?s=96&d=mm&r=g\",\"url\":\"https:\\\/\\\/secure.gravatar.com\\\/avatar\\\/5fdda66b914c7a04e236bef77242d83e804076a44345bff6f9fb77a63aac1475?s=96&d=mm&r=g\",\"contentUrl\":\"https:\\\/\\\/secure.gravatar.com\\\/avatar\\\/5fdda66b914c7a04e236bef77242d83e804076a44345bff6f9fb77a63aac1475?s=96&d=mm&r=g\",\"caption\":\"Administrator\"},\"sameAs\":[\"https:\\\/\\\/aluminij-gradjenje.hr\"],\"url\":\"https:\\\/\\\/aluminij-gradjenje.hr\\\/index.php\\\/author\\\/administrator\\\/\"}]}<\/script>\n<!-- \/ Yoast SEO plugin. -->","yoast_head_json":{"title":"Ventilacija prostorija - Aluminij gra\u0111enje","robots":{"index":"index","follow":"follow","max-snippet":"max-snippet:-1","max-image-preview":"max-image-preview:large","max-video-preview":"max-video-preview:-1"},"canonical":"https:\/\/aluminij-gradjenje.hr\/index.php\/2025\/09\/18\/ventilacija-prostorija\/","og_locale":"hr_HR","og_type":"article","og_title":"Ventilacija prostorija - Aluminij gra\u0111enje","og_description":"Ku\u0107e, i novoizgra\u0111ene i one koje se renoviraju, sve su vi\u0161e usmjerene na energetsku u\u010dinkovitost. U hladnijim mjesecima, u kombinaciji s \u0161tedljivom upotrebom grijanja, mo\u017ee do\u0107i do kondenzacije i vlage.\u00a0\u00a0 \u00a0\u00a0\u00a0 \u00a0\u00a0\u00a0 \u00a0\u00a0\u00a0 \u00a0\u00a0\u00a0 \u00a0\u00a0\u00a0 \u00a0\u00a0\u00a0 \u00a0 Vla\u017enost u zatvorenim prostorima uzrokovana je vi\u0161estrukim \u010dimbenicima, poput disanja, isparavanja iz kupaonice, isparavanja iz kuhinje, biljaka i [&hellip;]","og_url":"https:\/\/aluminij-gradjenje.hr\/index.php\/2025\/09\/18\/ventilacija-prostorija\/","og_site_name":"Aluminij gra\u0111enje","article_published_time":"2025-09-18T18:33:29+00:00","article_modified_time":"2025-09-18T18:34:23+00:00","og_image":[{"width":800,"height":600,"url":"https:\/\/aluminij-gradjenje.hr\/wp-content\/uploads\/2025\/09\/Aluminij-gradenje-Servis-3.webp","type":"image\/webp"}],"author":"Administrator","twitter_card":"summary_large_image","twitter_misc":{"Napisao\/la":"Administrator","Procijenjeno vrijeme \u010ditanja":"2 minute"},"schema":{"@context":"https:\/\/schema.org","@graph":[{"@type":"Article","@id":"https:\/\/aluminij-gradjenje.hr\/index.php\/2025\/09\/18\/ventilacija-prostorija\/#article","isPartOf":{"@id":"https:\/\/aluminij-gradjenje.hr\/index.php\/2025\/09\/18\/ventilacija-prostorija\/"},"author":{"name":"Administrator","@id":"https:\/\/aluminij-gradjenje.hr\/#\/schema\/person\/23efc0d75e4a048b66ef82629253a25d"},"headline":"Ventilacija prostorija","datePublished":"2025-09-18T18:33:29+00:00","dateModified":"2025-09-18T18:34:23+00:00","mainEntityOfPage":{"@id":"https:\/\/aluminij-gradjenje.hr\/index.php\/2025\/09\/18\/ventilacija-prostorija\/"},"wordCount":407,"commentCount":0,"image":{"@id":"https:\/\/aluminij-gradjenje.hr\/index.php\/2025\/09\/18\/ventilacija-prostorija\/#primaryimage"},"thumbnailUrl":"https:\/\/aluminij-gradjenje.hr\/wp-content\/uploads\/2025\/09\/Aluminij-gradenje-Servis-3.webp","articleSection":["Servis i odr\u017eavanje"],"inLanguage":"hr"},{"@type":"WebPage","@id":"https:\/\/aluminij-gradjenje.hr\/index.php\/2025\/09\/18\/ventilacija-prostorija\/","url":"https:\/\/aluminij-gradjenje.hr\/index.php\/2025\/09\/18\/ventilacija-prostorija\/","name":"Ventilacija prostorija - Aluminij gra\u0111enje","isPartOf":{"@id":"https:\/\/aluminij-gradjenje.hr\/#website"},"primaryImageOfPage":{"@id":"https:\/\/aluminij-gradjenje.hr\/index.php\/2025\/09\/18\/ventilacija-prostorija\/#primaryimage"},"image":{"@id":"https:\/\/aluminij-gradjenje.hr\/index.php\/2025\/09\/18\/ventilacija-prostorija\/#primaryimage"},"thumbnailUrl":"https:\/\/aluminij-gradjenje.hr\/wp-content\/uploads\/2025\/09\/Aluminij-gradenje-Servis-3.webp","datePublished":"2025-09-18T18:33:29+00:00","dateModified":"2025-09-18T18:34:23+00:00","author":{"@id":"https:\/\/aluminij-gradjenje.hr\/#\/schema\/person\/23efc0d75e4a048b66ef82629253a25d"},"breadcrumb":{"@id":"https:\/\/aluminij-gradjenje.hr\/index.php\/2025\/09\/18\/ventilacija-prostorija\/#breadcrumb"},"inLanguage":"hr","potentialAction":[{"@type":"ReadAction","target":["https:\/\/aluminij-gradjenje.hr\/index.php\/2025\/09\/18\/ventilacija-prostorija\/"]}]},{"@type":"ImageObject","inLanguage":"hr","@id":"https:\/\/aluminij-gradjenje.hr\/index.php\/2025\/09\/18\/ventilacija-prostorija\/#primaryimage","url":"https:\/\/aluminij-gradjenje.hr\/wp-content\/uploads\/2025\/09\/Aluminij-gradenje-Servis-3.webp","contentUrl":"https:\/\/aluminij-gradjenje.hr\/wp-content\/uploads\/2025\/09\/Aluminij-gradenje-Servis-3.webp","width":800,"height":600},{"@type":"BreadcrumbList","@id":"https:\/\/aluminij-gradjenje.hr\/index.php\/2025\/09\/18\/ventilacija-prostorija\/#breadcrumb","itemListElement":[{"@type":"ListItem","position":1,"name":"Po\u010detna stranica","item":"https:\/\/aluminij-gradjenje.hr\/"},{"@type":"ListItem","position":2,"name":"Ventilacija prostorija"}]},{"@type":"WebSite","@id":"https:\/\/aluminij-gradjenje.hr\/#website","url":"https:\/\/aluminij-gradjenje.hr\/","name":"Aluminij gra\u0111enje","description":"","potentialAction":[{"@type":"SearchAction","target":{"@type":"EntryPoint","urlTemplate":"https:\/\/aluminij-gradjenje.hr\/?s={search_term_string}"},"query-input":{"@type":"PropertyValueSpecification","valueRequired":true,"valueName":"search_term_string"}}],"inLanguage":"hr"},{"@type":"Person","@id":"https:\/\/aluminij-gradjenje.hr\/#\/schema\/person\/23efc0d75e4a048b66ef82629253a25d","name":"Administrator","image":{"@type":"ImageObject","inLanguage":"hr","@id":"https:\/\/secure.gravatar.com\/avatar\/5fdda66b914c7a04e236bef77242d83e804076a44345bff6f9fb77a63aac1475?s=96&d=mm&r=g","url":"https:\/\/secure.gravatar.com\/avatar\/5fdda66b914c7a04e236bef77242d83e804076a44345bff6f9fb77a63aac1475?s=96&d=mm&r=g","contentUrl":"https:\/\/secure.gravatar.com\/avatar\/5fdda66b914c7a04e236bef77242d83e804076a44345bff6f9fb77a63aac1475?s=96&d=mm&r=g","caption":"Administrator"},"sameAs":["https:\/\/aluminij-gradjenje.hr"],"url":"https:\/\/aluminij-gradjenje.hr\/index.php\/author\/administrator\/"}]}},"_links":{"self":[{"href":"https:\/\/aluminij-gradjenje.hr\/index.php\/wp-json\/wp\/v2\/posts\/329","targetHints":{"allow":["GET"]}}],"collection":[{"href":"https:\/\/aluminij-gradjenje.hr\/index.php\/wp-json\/wp\/v2\/posts"}],"about":[{"href":"https:\/\/aluminij-gradjenje.hr\/index.php\/wp-json\/wp\/v2\/types\/post"}],"author":[{"embeddable":true,"href":"https:\/\/aluminij-gradjenje.hr\/index.php\/wp-json\/wp\/v2\/users\/1"}],"replies":[{"embeddable":true,"href":"https:\/\/aluminij-gradjenje.hr\/index.php\/wp-json\/wp\/v2\/comments?post=329"}],"version-history":[{"count":2,"href":"https:\/\/aluminij-gradjenje.hr\/index.php\/wp-json\/wp\/v2\/posts\/329\/revisions"}],"predecessor-version":[{"id":332,"href":"https:\/\/aluminij-gradjenje.hr\/index.php\/wp-json\/wp\/v2\/posts\/329\/revisions\/332"}],"wp:featuredmedia":[{"embeddable":true,"href":"https:\/\/aluminij-gradjenje.hr\/index.php\/wp-json\/wp\/v2\/media\/331"}],"wp:attachment":[{"href":"https:\/\/aluminij-gradjenje.hr\/index.php\/wp-json\/wp\/v2\/media?parent=329"}],"wp:term":[{"taxonomy":"category","embeddable":true,"href":"https:\/\/aluminij-gradjenje.hr\/index.php\/wp-json\/wp\/v2\/categories?post=329"},{"taxonomy":"post_tag","embeddable":true,"href":"https:\/\/aluminij-gradjenje.hr\/index.php\/wp-json\/wp\/v2\/tags?post=329"}],"curies":[{"name":"wp","href":"https:\/\/api.w.org\/{rel}","templated":true}]}}