{"id":900,"date":"2025-09-27T12:29:10","date_gmt":"2025-09-27T10:29:10","guid":{"rendered":"https:\/\/aluminij-gradjenje.hr\/?p=900"},"modified":"2025-10-09T20:13:28","modified_gmt":"2025-10-09T18:13:28","slug":"terenski-komercijalist-prodavac-pvc-i-alu-stolarije-m-z25","status":"publish","type":"post","link":"https:\/\/aluminij-gradjenje.hr\/index.php\/2025\/09\/27\/terenski-komercijalist-prodavac-pvc-i-alu-stolarije-m-z25\/","title":{"rendered":"TERENSKI KOMERCIJALIST \/ PRODAVA\u010c PVC I ALU STOLARIJE, m\/\u017e"},"content":{"rendered":"<p>POSTANI DIO NA\u0160EG TIMA\u00a0 <span style=\"color: #ffffff;\">&#8211;\u00a0<\/span><\/p>\n<p data-start=\"186\" data-end=\"423\">Tra\u017eimo motivirane i komunikativne osobe koje \u017eele razvijati karijeru u <strong data-start=\"258\" data-end=\"278\">prodaji i nabavi<\/strong> PVC i ALU stolarije. Ako voli\u0161 rad s ljudima, pregovaranje, oblikovanje vlastite zarade i izazove u poslovanju \u2013 ovo je prava prilika za tebe!<\/p>\n<p data-start=\"425\" data-end=\"930\"><strong data-start=\"425\" data-end=\"440\">Opis posla:<\/strong><br data-start=\"440\" data-end=\"443\" \/>\u2022 Aktivna prodaja PVC i ALU stolarije (prozori, vrata, roletne) i dodatne opreme<br data-start=\"523\" data-end=\"526\" \/>\u2022 Izrada i priprema ponuda, vo\u0111enje pregovora te sklapanje ugovora<br data-start=\"592\" data-end=\"595\" \/>\u2022 Nabava materijala i koordinacija s dobavlja\u010dima<br data-start=\"644\" data-end=\"647\" \/>\u2022 \u0160irenje baze klijenata i odr\u017eavanje postoje\u0107ih kontakata<br data-start=\"705\" data-end=\"708\" \/>\u2022 Prezentacija proizvoda i savjetovanje klijenata o tehni\u010dkim karakteristikama<br data-start=\"786\" data-end=\"789\" \/>\u2022 Pra\u0107enje realizacije prodaje i osiguranje pravovremene isporuke<br data-start=\"854\" data-end=\"857\" \/>\u2022 Pru\u017eanje postprodajne podr\u0161ke i redovito izvje\u0161tavanje o aktivnostima<\/p>\n<p data-start=\"932\" data-end=\"1204\"><strong data-start=\"932\" data-end=\"963\">Potrebna znanja i vje\u0161tine:<\/strong><br data-start=\"963\" data-end=\"966\" \/>\u2022 Voza\u010dka dozvola B kategorije<br data-start=\"996\" data-end=\"999\" \/>\u2022 Osnovno poznavanje rada na ra\u010dunalu (MS Office)<br data-start=\"1048\" data-end=\"1051\" \/>\u2022 Komunikativnost, samoinicijativa i organizacijske sposobnosti<br data-start=\"1114\" data-end=\"1117\" \/>\u2022 Iskustvo u prodaji ili nabavi u gra\u0111evinskoj industriji je prednost, ali nije uvjet<\/p>\n<p><strong data-start=\"1206\" data-end=\"1221\">\u0160to nudimo:<\/strong><\/p>\n<ul>\n<li>Stalni radni odnos u stabilnoj i rastu\u0107oj tvrtki<\/li>\n<li>Mjese\u010dnu pla\u0107u uz mogu\u0107nost bonusa prema rezultatima<\/li>\n<li>Slu\u017ebeni automobil, telefon i ra\u010dunalo<\/li>\n<li>Profesionalno usavr\u0161avanje i mogu\u0107nost napredovanja<\/li>\n<li>Dinami\u010dno i motiviraju\u0107e radno okru\u017eenje<\/li>\n<\/ul>\n<p>Prijave \u0161aljite na: <a href=\"mailto:aluminijgradjenje@gmail.com\">aluminijgradjenje@gmail.com<\/a> s naznakom: \u201eNatje\u010daj za Terenskog komercijalista \/ prodava\u010da\u201c<\/p>\n<p>&nbsp;<\/p>\n<p>&nbsp;<\/p>\n<p data-start=\"848\" data-end=\"931\"><img loading=\"lazy\" decoding=\"async\" class=\"wp-image-264 aligncenter\" src=\"https:\/\/aluminij-gradjenje.hr\/wp-content\/uploads\/2025\/09\/Aluminij-gradjenje-LOGO.png\" alt=\"\" width=\"161\" height=\"38\" srcset=\"https:\/\/aluminij-gradjenje.hr\/wp-content\/uploads\/2025\/09\/Aluminij-gradjenje-LOGO.png 1500w, https:\/\/aluminij-gradjenje.hr\/wp-content\/uploads\/2025\/09\/Aluminij-gradjenje-LOGO-300x71.png 300w, https:\/\/aluminij-gradjenje.hr\/wp-content\/uploads\/2025\/09\/Aluminij-gradjenje-LOGO-1024x242.png 1024w, https:\/\/aluminij-gradjenje.hr\/wp-content\/uploads\/2025\/09\/Aluminij-gradjenje-LOGO-768x182.png 768w, https:\/\/aluminij-gradjenje.hr\/wp-content\/uploads\/2025\/09\/Aluminij-gradjenje-LOGO-150x36.png 150w, https:\/\/aluminij-gradjenje.hr\/wp-content\/uploads\/2025\/09\/Aluminij-gradjenje-LOGO-696x165.png 696w, https:\/\/aluminij-gradjenje.hr\/wp-content\/uploads\/2025\/09\/Aluminij-gradjenje-LOGO-1068x253.png 1068w, https:\/\/aluminij-gradjenje.hr\/wp-content\/uploads\/2025\/09\/Aluminij-gradjenje-LOGO-600x142.png 600w\" sizes=\"auto, (max-width: 161px) 100vw, 161px\" \/><\/p>\n<p data-start=\"848\" data-end=\"931\">\n<div class=\"et_pb_blurb_description\">\n<div class=\"et_pb_with_border et_pb_module et_pb_blurb et_pb_blurb_2 et_pb_text_align_center et_pb_blurb_position_top et_pb_bg_layout_light et_had_animation\">\n<div class=\"et_pb_blurb_content\">\n<div class=\"et_pb_blurb_container\"><\/div>\n<\/div>\n<\/div>\n<\/div>\n<p>&nbsp;<\/p>\n","protected":false},"excerpt":{"rendered":"<p>POSTANI DIO NA\u0160EG TIMA\u00a0 &#8211;\u00a0 Tra\u017eimo motivirane i komunikativne osobe koje \u017eele razvijati karijeru u prodaji i nabavi PVC i ALU stolarije. Ako voli\u0161 rad s ljudima, pregovaranje, oblikovanje vlastite zarade i izazove u poslovanju \u2013 ovo je prava prilika za tebe! Opis posla:\u2022 Aktivna prodaja PVC i ALU stolarije (prozori, vrata, roletne) i dodatne [&hellip;]<\/p>\n","protected":false},"author":1,"featured_media":905,"comment_status":"open","ping_status":"open","sticky":false,"template":"","format":"standard","meta":{"footnotes":""},"categories":[58],"tags":[],"class_list":{"0":"post-900","1":"post","2":"type-post","3":"status-publish","4":"format-standard","5":"has-post-thumbnail","7":"category-natjecaji"},"yoast_head":"<!-- This site is optimized with the Yoast SEO plugin v27.4 - https:\/\/yoast.com\/product\/yoast-seo-wordpress\/ -->\n<title>TERENSKI KOMERCIJALIST \/ PRODAVA\u010c PVC I ALU STOLARIJE, m\/\u017e - Aluminij gra\u0111enje<\/title>\n<meta name=\"robots\" content=\"index, follow, max-snippet:-1, max-image-preview:large, max-video-preview:-1\" \/>\n<link rel=\"canonical\" href=\"https:\/\/aluminij-gradjenje.hr\/index.php\/2025\/09\/27\/terenski-komercijalist-prodavac-pvc-i-alu-stolarije-m-z25\/\" \/>\n<meta property=\"og:locale\" content=\"hr_HR\" \/>\n<meta property=\"og:type\" content=\"article\" \/>\n<meta property=\"og:title\" content=\"TERENSKI KOMERCIJALIST \/ PRODAVA\u010c PVC I ALU STOLARIJE, m\/\u017e - Aluminij gra\u0111enje\" \/>\n<meta property=\"og:description\" content=\"POSTANI DIO NA\u0160EG TIMA\u00a0 &#8211;\u00a0 Tra\u017eimo motivirane i komunikativne osobe koje \u017eele razvijati karijeru u prodaji i nabavi PVC i ALU stolarije. Ako voli\u0161 rad s ljudima, pregovaranje, oblikovanje vlastite zarade i izazove u poslovanju \u2013 ovo je prava prilika za tebe! Opis posla:\u2022 Aktivna prodaja PVC i ALU stolarije (prozori, vrata, roletne) i dodatne [&hellip;]\" \/>\n<meta property=\"og:url\" content=\"https:\/\/aluminij-gradjenje.hr\/index.php\/2025\/09\/27\/terenski-komercijalist-prodavac-pvc-i-alu-stolarije-m-z25\/\" \/>\n<meta property=\"og:site_name\" content=\"Aluminij gra\u0111enje\" \/>\n<meta property=\"article:published_time\" content=\"2025-09-27T10:29:10+00:00\" \/>\n<meta property=\"article:modified_time\" content=\"2025-10-09T18:13:28+00:00\" \/>\n<meta property=\"og:image\" content=\"https:\/\/aluminij-gradjenje.hr\/wp-content\/uploads\/2025\/09\/Terenski-komercijalist-2A.webp\" \/>\n\t<meta property=\"og:image:width\" content=\"1700\" \/>\n\t<meta property=\"og:image:height\" content=\"1017\" \/>\n\t<meta property=\"og:image:type\" content=\"image\/webp\" \/>\n<meta name=\"author\" content=\"Administrator\" \/>\n<meta name=\"twitter:card\" content=\"summary_large_image\" \/>\n<meta name=\"twitter:label1\" content=\"Napisao\/la\" \/>\n\t<meta name=\"twitter:data1\" content=\"Administrator\" \/>\n\t<meta name=\"twitter:label2\" content=\"Procijenjeno vrijeme \u010ditanja\" \/>\n\t<meta name=\"twitter:data2\" content=\"2 minute\" \/>\n<script type=\"application\/ld+json\" class=\"yoast-schema-graph\">{\"@context\":\"https:\\\/\\\/schema.org\",\"@graph\":[{\"@type\":\"Article\",\"@id\":\"https:\\\/\\\/aluminij-gradjenje.hr\\\/index.php\\\/2025\\\/09\\\/27\\\/terenski-komercijalist-prodavac-pvc-i-alu-stolarije-m-z25\\\/#article\",\"isPartOf\":{\"@id\":\"https:\\\/\\\/aluminij-gradjenje.hr\\\/index.php\\\/2025\\\/09\\\/27\\\/terenski-komercijalist-prodavac-pvc-i-alu-stolarije-m-z25\\\/\"},\"author\":{\"name\":\"Administrator\",\"@id\":\"https:\\\/\\\/aluminij-gradjenje.hr\\\/#\\\/schema\\\/person\\\/23efc0d75e4a048b66ef82629253a25d\"},\"headline\":\"TERENSKI KOMERCIJALIST \\\/ PRODAVA\u010c PVC I ALU STOLARIJE, m\\\/\u017e\",\"datePublished\":\"2025-09-27T10:29:10+00:00\",\"dateModified\":\"2025-10-09T18:13:28+00:00\",\"mainEntityOfPage\":{\"@id\":\"https:\\\/\\\/aluminij-gradjenje.hr\\\/index.php\\\/2025\\\/09\\\/27\\\/terenski-komercijalist-prodavac-pvc-i-alu-stolarije-m-z25\\\/\"},\"wordCount\":217,\"commentCount\":0,\"image\":{\"@id\":\"https:\\\/\\\/aluminij-gradjenje.hr\\\/index.php\\\/2025\\\/09\\\/27\\\/terenski-komercijalist-prodavac-pvc-i-alu-stolarije-m-z25\\\/#primaryimage\"},\"thumbnailUrl\":\"https:\\\/\\\/aluminij-gradjenje.hr\\\/wp-content\\\/uploads\\\/2025\\\/09\\\/Terenski-komercijalist-2A.webp\",\"articleSection\":[\"Natje\u010daji\"],\"inLanguage\":\"hr\"},{\"@type\":\"WebPage\",\"@id\":\"https:\\\/\\\/aluminij-gradjenje.hr\\\/index.php\\\/2025\\\/09\\\/27\\\/terenski-komercijalist-prodavac-pvc-i-alu-stolarije-m-z25\\\/\",\"url\":\"https:\\\/\\\/aluminij-gradjenje.hr\\\/index.php\\\/2025\\\/09\\\/27\\\/terenski-komercijalist-prodavac-pvc-i-alu-stolarije-m-z25\\\/\",\"name\":\"TERENSKI KOMERCIJALIST \\\/ PRODAVA\u010c PVC I ALU STOLARIJE, m\\\/\u017e - Aluminij gra\u0111enje\",\"isPartOf\":{\"@id\":\"https:\\\/\\\/aluminij-gradjenje.hr\\\/#website\"},\"primaryImageOfPage\":{\"@id\":\"https:\\\/\\\/aluminij-gradjenje.hr\\\/index.php\\\/2025\\\/09\\\/27\\\/terenski-komercijalist-prodavac-pvc-i-alu-stolarije-m-z25\\\/#primaryimage\"},\"image\":{\"@id\":\"https:\\\/\\\/aluminij-gradjenje.hr\\\/index.php\\\/2025\\\/09\\\/27\\\/terenski-komercijalist-prodavac-pvc-i-alu-stolarije-m-z25\\\/#primaryimage\"},\"thumbnailUrl\":\"https:\\\/\\\/aluminij-gradjenje.hr\\\/wp-content\\\/uploads\\\/2025\\\/09\\\/Terenski-komercijalist-2A.webp\",\"datePublished\":\"2025-09-27T10:29:10+00:00\",\"dateModified\":\"2025-10-09T18:13:28+00:00\",\"author\":{\"@id\":\"https:\\\/\\\/aluminij-gradjenje.hr\\\/#\\\/schema\\\/person\\\/23efc0d75e4a048b66ef82629253a25d\"},\"breadcrumb\":{\"@id\":\"https:\\\/\\\/aluminij-gradjenje.hr\\\/index.php\\\/2025\\\/09\\\/27\\\/terenski-komercijalist-prodavac-pvc-i-alu-stolarije-m-z25\\\/#breadcrumb\"},\"inLanguage\":\"hr\",\"potentialAction\":[{\"@type\":\"ReadAction\",\"target\":[\"https:\\\/\\\/aluminij-gradjenje.hr\\\/index.php\\\/2025\\\/09\\\/27\\\/terenski-komercijalist-prodavac-pvc-i-alu-stolarije-m-z25\\\/\"]}]},{\"@type\":\"ImageObject\",\"inLanguage\":\"hr\",\"@id\":\"https:\\\/\\\/aluminij-gradjenje.hr\\\/index.php\\\/2025\\\/09\\\/27\\\/terenski-komercijalist-prodavac-pvc-i-alu-stolarije-m-z25\\\/#primaryimage\",\"url\":\"https:\\\/\\\/aluminij-gradjenje.hr\\\/wp-content\\\/uploads\\\/2025\\\/09\\\/Terenski-komercijalist-2A.webp\",\"contentUrl\":\"https:\\\/\\\/aluminij-gradjenje.hr\\\/wp-content\\\/uploads\\\/2025\\\/09\\\/Terenski-komercijalist-2A.webp\",\"width\":1700,\"height\":1017},{\"@type\":\"BreadcrumbList\",\"@id\":\"https:\\\/\\\/aluminij-gradjenje.hr\\\/index.php\\\/2025\\\/09\\\/27\\\/terenski-komercijalist-prodavac-pvc-i-alu-stolarije-m-z25\\\/#breadcrumb\",\"itemListElement\":[{\"@type\":\"ListItem\",\"position\":1,\"name\":\"Po\u010detna stranica\",\"item\":\"https:\\\/\\\/aluminij-gradjenje.hr\\\/\"},{\"@type\":\"ListItem\",\"position\":2,\"name\":\"TERENSKI KOMERCIJALIST \\\/ PRODAVA\u010c PVC I ALU STOLARIJE, m\\\/\u017e\"}]},{\"@type\":\"WebSite\",\"@id\":\"https:\\\/\\\/aluminij-gradjenje.hr\\\/#website\",\"url\":\"https:\\\/\\\/aluminij-gradjenje.hr\\\/\",\"name\":\"Aluminij gra\u0111enje\",\"description\":\"\",\"potentialAction\":[{\"@type\":\"SearchAction\",\"target\":{\"@type\":\"EntryPoint\",\"urlTemplate\":\"https:\\\/\\\/aluminij-gradjenje.hr\\\/?s={search_term_string}\"},\"query-input\":{\"@type\":\"PropertyValueSpecification\",\"valueRequired\":true,\"valueName\":\"search_term_string\"}}],\"inLanguage\":\"hr\"},{\"@type\":\"Person\",\"@id\":\"https:\\\/\\\/aluminij-gradjenje.hr\\\/#\\\/schema\\\/person\\\/23efc0d75e4a048b66ef82629253a25d\",\"name\":\"Administrator\",\"image\":{\"@type\":\"ImageObject\",\"inLanguage\":\"hr\",\"@id\":\"https:\\\/\\\/secure.gravatar.com\\\/avatar\\\/5fdda66b914c7a04e236bef77242d83e804076a44345bff6f9fb77a63aac1475?s=96&d=mm&r=g\",\"url\":\"https:\\\/\\\/secure.gravatar.com\\\/avatar\\\/5fdda66b914c7a04e236bef77242d83e804076a44345bff6f9fb77a63aac1475?s=96&d=mm&r=g\",\"contentUrl\":\"https:\\\/\\\/secure.gravatar.com\\\/avatar\\\/5fdda66b914c7a04e236bef77242d83e804076a44345bff6f9fb77a63aac1475?s=96&d=mm&r=g\",\"caption\":\"Administrator\"},\"sameAs\":[\"https:\\\/\\\/aluminij-gradjenje.hr\"],\"url\":\"https:\\\/\\\/aluminij-gradjenje.hr\\\/index.php\\\/author\\\/administrator\\\/\"}]}<\/script>\n<!-- \/ Yoast SEO plugin. -->","yoast_head_json":{"title":"TERENSKI KOMERCIJALIST \/ PRODAVA\u010c PVC I ALU STOLARIJE, m\/\u017e - Aluminij gra\u0111enje","robots":{"index":"index","follow":"follow","max-snippet":"max-snippet:-1","max-image-preview":"max-image-preview:large","max-video-preview":"max-video-preview:-1"},"canonical":"https:\/\/aluminij-gradjenje.hr\/index.php\/2025\/09\/27\/terenski-komercijalist-prodavac-pvc-i-alu-stolarije-m-z25\/","og_locale":"hr_HR","og_type":"article","og_title":"TERENSKI KOMERCIJALIST \/ PRODAVA\u010c PVC I ALU STOLARIJE, m\/\u017e - Aluminij gra\u0111enje","og_description":"POSTANI DIO NA\u0160EG TIMA\u00a0 &#8211;\u00a0 Tra\u017eimo motivirane i komunikativne osobe koje \u017eele razvijati karijeru u prodaji i nabavi PVC i ALU stolarije. Ako voli\u0161 rad s ljudima, pregovaranje, oblikovanje vlastite zarade i izazove u poslovanju \u2013 ovo je prava prilika za tebe! Opis posla:\u2022 Aktivna prodaja PVC i ALU stolarije (prozori, vrata, roletne) i dodatne [&hellip;]","og_url":"https:\/\/aluminij-gradjenje.hr\/index.php\/2025\/09\/27\/terenski-komercijalist-prodavac-pvc-i-alu-stolarije-m-z25\/","og_site_name":"Aluminij gra\u0111enje","article_published_time":"2025-09-27T10:29:10+00:00","article_modified_time":"2025-10-09T18:13:28+00:00","og_image":[{"width":1700,"height":1017,"url":"https:\/\/aluminij-gradjenje.hr\/wp-content\/uploads\/2025\/09\/Terenski-komercijalist-2A.webp","type":"image\/webp"}],"author":"Administrator","twitter_card":"summary_large_image","twitter_misc":{"Napisao\/la":"Administrator","Procijenjeno vrijeme \u010ditanja":"2 minute"},"schema":{"@context":"https:\/\/schema.org","@graph":[{"@type":"Article","@id":"https:\/\/aluminij-gradjenje.hr\/index.php\/2025\/09\/27\/terenski-komercijalist-prodavac-pvc-i-alu-stolarije-m-z25\/#article","isPartOf":{"@id":"https:\/\/aluminij-gradjenje.hr\/index.php\/2025\/09\/27\/terenski-komercijalist-prodavac-pvc-i-alu-stolarije-m-z25\/"},"author":{"name":"Administrator","@id":"https:\/\/aluminij-gradjenje.hr\/#\/schema\/person\/23efc0d75e4a048b66ef82629253a25d"},"headline":"TERENSKI KOMERCIJALIST \/ PRODAVA\u010c PVC I ALU STOLARIJE, m\/\u017e","datePublished":"2025-09-27T10:29:10+00:00","dateModified":"2025-10-09T18:13:28+00:00","mainEntityOfPage":{"@id":"https:\/\/aluminij-gradjenje.hr\/index.php\/2025\/09\/27\/terenski-komercijalist-prodavac-pvc-i-alu-stolarije-m-z25\/"},"wordCount":217,"commentCount":0,"image":{"@id":"https:\/\/aluminij-gradjenje.hr\/index.php\/2025\/09\/27\/terenski-komercijalist-prodavac-pvc-i-alu-stolarije-m-z25\/#primaryimage"},"thumbnailUrl":"https:\/\/aluminij-gradjenje.hr\/wp-content\/uploads\/2025\/09\/Terenski-komercijalist-2A.webp","articleSection":["Natje\u010daji"],"inLanguage":"hr"},{"@type":"WebPage","@id":"https:\/\/aluminij-gradjenje.hr\/index.php\/2025\/09\/27\/terenski-komercijalist-prodavac-pvc-i-alu-stolarije-m-z25\/","url":"https:\/\/aluminij-gradjenje.hr\/index.php\/2025\/09\/27\/terenski-komercijalist-prodavac-pvc-i-alu-stolarije-m-z25\/","name":"TERENSKI KOMERCIJALIST \/ PRODAVA\u010c PVC I ALU STOLARIJE, m\/\u017e - Aluminij gra\u0111enje","isPartOf":{"@id":"https:\/\/aluminij-gradjenje.hr\/#website"},"primaryImageOfPage":{"@id":"https:\/\/aluminij-gradjenje.hr\/index.php\/2025\/09\/27\/terenski-komercijalist-prodavac-pvc-i-alu-stolarije-m-z25\/#primaryimage"},"image":{"@id":"https:\/\/aluminij-gradjenje.hr\/index.php\/2025\/09\/27\/terenski-komercijalist-prodavac-pvc-i-alu-stolarije-m-z25\/#primaryimage"},"thumbnailUrl":"https:\/\/aluminij-gradjenje.hr\/wp-content\/uploads\/2025\/09\/Terenski-komercijalist-2A.webp","datePublished":"2025-09-27T10:29:10+00:00","dateModified":"2025-10-09T18:13:28+00:00","author":{"@id":"https:\/\/aluminij-gradjenje.hr\/#\/schema\/person\/23efc0d75e4a048b66ef82629253a25d"},"breadcrumb":{"@id":"https:\/\/aluminij-gradjenje.hr\/index.php\/2025\/09\/27\/terenski-komercijalist-prodavac-pvc-i-alu-stolarije-m-z25\/#breadcrumb"},"inLanguage":"hr","potentialAction":[{"@type":"ReadAction","target":["https:\/\/aluminij-gradjenje.hr\/index.php\/2025\/09\/27\/terenski-komercijalist-prodavac-pvc-i-alu-stolarije-m-z25\/"]}]},{"@type":"ImageObject","inLanguage":"hr","@id":"https:\/\/aluminij-gradjenje.hr\/index.php\/2025\/09\/27\/terenski-komercijalist-prodavac-pvc-i-alu-stolarije-m-z25\/#primaryimage","url":"https:\/\/aluminij-gradjenje.hr\/wp-content\/uploads\/2025\/09\/Terenski-komercijalist-2A.webp","contentUrl":"https:\/\/aluminij-gradjenje.hr\/wp-content\/uploads\/2025\/09\/Terenski-komercijalist-2A.webp","width":1700,"height":1017},{"@type":"BreadcrumbList","@id":"https:\/\/aluminij-gradjenje.hr\/index.php\/2025\/09\/27\/terenski-komercijalist-prodavac-pvc-i-alu-stolarije-m-z25\/#breadcrumb","itemListElement":[{"@type":"ListItem","position":1,"name":"Po\u010detna stranica","item":"https:\/\/aluminij-gradjenje.hr\/"},{"@type":"ListItem","position":2,"name":"TERENSKI KOMERCIJALIST \/ PRODAVA\u010c PVC I ALU STOLARIJE, m\/\u017e"}]},{"@type":"WebSite","@id":"https:\/\/aluminij-gradjenje.hr\/#website","url":"https:\/\/aluminij-gradjenje.hr\/","name":"Aluminij gra\u0111enje","description":"","potentialAction":[{"@type":"SearchAction","target":{"@type":"EntryPoint","urlTemplate":"https:\/\/aluminij-gradjenje.hr\/?s={search_term_string}"},"query-input":{"@type":"PropertyValueSpecification","valueRequired":true,"valueName":"search_term_string"}}],"inLanguage":"hr"},{"@type":"Person","@id":"https:\/\/aluminij-gradjenje.hr\/#\/schema\/person\/23efc0d75e4a048b66ef82629253a25d","name":"Administrator","image":{"@type":"ImageObject","inLanguage":"hr","@id":"https:\/\/secure.gravatar.com\/avatar\/5fdda66b914c7a04e236bef77242d83e804076a44345bff6f9fb77a63aac1475?s=96&d=mm&r=g","url":"https:\/\/secure.gravatar.com\/avatar\/5fdda66b914c7a04e236bef77242d83e804076a44345bff6f9fb77a63aac1475?s=96&d=mm&r=g","contentUrl":"https:\/\/secure.gravatar.com\/avatar\/5fdda66b914c7a04e236bef77242d83e804076a44345bff6f9fb77a63aac1475?s=96&d=mm&r=g","caption":"Administrator"},"sameAs":["https:\/\/aluminij-gradjenje.hr"],"url":"https:\/\/aluminij-gradjenje.hr\/index.php\/author\/administrator\/"}]}},"_links":{"self":[{"href":"https:\/\/aluminij-gradjenje.hr\/index.php\/wp-json\/wp\/v2\/posts\/900","targetHints":{"allow":["GET"]}}],"collection":[{"href":"https:\/\/aluminij-gradjenje.hr\/index.php\/wp-json\/wp\/v2\/posts"}],"about":[{"href":"https:\/\/aluminij-gradjenje.hr\/index.php\/wp-json\/wp\/v2\/types\/post"}],"author":[{"embeddable":true,"href":"https:\/\/aluminij-gradjenje.hr\/index.php\/wp-json\/wp\/v2\/users\/1"}],"replies":[{"embeddable":true,"href":"https:\/\/aluminij-gradjenje.hr\/index.php\/wp-json\/wp\/v2\/comments?post=900"}],"version-history":[{"count":6,"href":"https:\/\/aluminij-gradjenje.hr\/index.php\/wp-json\/wp\/v2\/posts\/900\/revisions"}],"predecessor-version":[{"id":985,"href":"https:\/\/aluminij-gradjenje.hr\/index.php\/wp-json\/wp\/v2\/posts\/900\/revisions\/985"}],"wp:featuredmedia":[{"embeddable":true,"href":"https:\/\/aluminij-gradjenje.hr\/index.php\/wp-json\/wp\/v2\/media\/905"}],"wp:attachment":[{"href":"https:\/\/aluminij-gradjenje.hr\/index.php\/wp-json\/wp\/v2\/media?parent=900"}],"wp:term":[{"taxonomy":"category","embeddable":true,"href":"https:\/\/aluminij-gradjenje.hr\/index.php\/wp-json\/wp\/v2\/categories?post=900"},{"taxonomy":"post_tag","embeddable":true,"href":"https:\/\/aluminij-gradjenje.hr\/index.php\/wp-json\/wp\/v2\/tags?post=900"}],"curies":[{"name":"wp","href":"https:\/\/api.w.org\/{rel}","templated":true}]}}